{"id":92909,"date":"2024-12-05T01:53:16","date_gmt":"2024-12-05T01:53:16","guid":{"rendered":"http:\/\/mppee.gob.ve\/?p=92909"},"modified":"2024-12-05T01:53:19","modified_gmt":"2024-12-05T01:53:19","slug":"vsops-traza-acciones-para-optimizar-el-servicio-de-transporte","status":"publish","type":"post","link":"https:\/\/mppee.gob.ve\/?p=92909","title":{"rendered":"VSOPS traza acciones para optimizar el servicio de transporte"},"content":{"rendered":"\n<p><strong>San Bernardino, Caracas.-<\/strong> Siguiendo instrucciones del presidente de la Rep\u00fablica, Nicol\u00e1s Maduro, el vicepresidente de Obras P\u00fablicas y Servicios, Jorge M\u00e1rquez, se re\u00fane este mi\u00e9rcoles con integrantes del \u00d3rgano Superior de Transporte para trazar acciones que fortalezcan el sector, particularmente la prestaci\u00f3n del servicio a usuarios y usuarias.<\/p>\n\n\n\n<p>El di\u00e1logo que tambi\u00e9n cuenta con la participaci\u00f3n del ministro del Poder Popular para el Transporte, Ram\u00f3n Vel\u00e1squez Araguay\u00e1n, eval\u00faa a detalle los alcances y logros de los proyectos ejecutados durante el a\u00f1o 2024, pese a la sistem\u00e1tica agresi\u00f3n del imperialismo norteamericano contra \u00e1reas medulares de la econom\u00eda venezolana.<\/p>\n\n\n\n<p>Al respecto, intervienen en el debate de car\u00e1cter propositivo el viceministro de Transporte Terrestre, H\u00e9ctor Rojas; el presidente del Fondo Nacional de Transporte Urbano (Fontur), Eloy Sulbar\u00e1n; as\u00ed como representantes de federaciones, sindicatos y bloques de transporte con incidencia nacional.<\/p>\n\n\n\n<p>El \u00d3rgano Superior de la Misi\u00f3n Transporte est\u00e1 encargado de coordinar, evaluar y direccionar acciones para optimizar el sector transporte a partir del concurso de diferentes entes del Estado, garantizando as\u00ed la eficiencia de las rutas viales y la movilidad.<\/p>\n\n\n\n<p>A trav\u00e9s de mecanismos de concertaci\u00f3n, cimentados en la inclusi\u00f3n y el entendimiento como v\u00edas para alcanzar soluciones eficaces, el Gobierno Nacional avanza en la definici\u00f3n de estrategias que se traduzcan en mayores beneficios para el pueblo venezolano.<\/p>\n\n\n\n<p><strong>Prensa MPPE &#8211; Corpoelec \/ Karelis Gonz\u00e1lez<\/strong><\/p>\n","protected":false},"excerpt":{"rendered":"<p>San Bernardino, Caracas.- Siguiendo instrucciones del presidente de la Rep\u00fablica, Nicol\u00e1s Maduro, el vicepresidente de Obras P\u00fablicas y Servicios, Jorge<\/p>\n","protected":false},"author":24,"featured_media":92910,"comment_status":"closed","ping_status":"closed","sticky":false,"template":"","format":"standard","meta":{"footnotes":""},"categories":[15],"tags":[2752,2844,327],"class_list":["post-92909","post","type-post","status-publish","format-standard","has-post-thumbnail","hentry","category-nacionales","tag-servicio","tag-transporte","tag-vsops"],"_links":{"self":[{"href":"https:\/\/mppee.gob.ve\/index.php?rest_route=\/wp\/v2\/posts\/92909","targetHints":{"allow":["GET"]}}],"collection":[{"href":"https:\/\/mppee.gob.ve\/index.php?rest_route=\/wp\/v2\/posts"}],"about":[{"href":"https:\/\/mppee.gob.ve\/index.php?rest_route=\/wp\/v2\/types\/post"}],"author":[{"embeddable":true,"href":"https:\/\/mppee.gob.ve\/index.php?rest_route=\/wp\/v2\/users\/24"}],"replies":[{"embeddable":true,"href":"https:\/\/mppee.gob.ve\/index.php?rest_route=%2Fwp%2Fv2%2Fcomments&post=92909"}],"version-history":[{"count":1,"href":"https:\/\/mppee.gob.ve\/index.php?rest_route=\/wp\/v2\/posts\/92909\/revisions"}],"predecessor-version":[{"id":92911,"href":"https:\/\/mppee.gob.ve\/index.php?rest_route=\/wp\/v2\/posts\/92909\/revisions\/92911"}],"wp:featuredmedia":[{"embeddable":true,"href":"https:\/\/mppee.gob.ve\/index.php?rest_route=\/wp\/v2\/media\/92910"}],"wp:attachment":[{"href":"https:\/\/mppee.gob.ve\/index.php?rest_route=%2Fwp%2Fv2%2Fmedia&parent=92909"}],"wp:term":[{"taxonomy":"category","embeddable":true,"href":"https:\/\/mppee.gob.ve\/index.php?rest_route=%2Fwp%2Fv2%2Fcategories&post=92909"},{"taxonomy":"post_tag","embeddable":true,"href":"https:\/\/mppee.gob.ve\/index.php?rest_route=%2Fwp%2Fv2%2Ftags&post=92909"}],"curies":[{"name":"wp","href":"https:\/\/api.w.org\/{rel}","templated":true}]}}