{"id":92916,"date":"2024-12-05T15:08:28","date_gmt":"2024-12-05T15:08:28","guid":{"rendered":"http:\/\/mppee.gob.ve\/?p=92916"},"modified":"2024-12-05T15:08:30","modified_gmt":"2024-12-05T15:08:30","slug":"corpoelec-realizara-jornadas-de-atencion-a-usuarios-comerciales-en-sucre","status":"publish","type":"post","link":"https:\/\/mppee.gob.ve\/?p=92916","title":{"rendered":"Corpoelec realizar\u00e1 jornadas de atenci\u00f3n a usuarios comerciales en Sucre"},"content":{"rendered":"\n<p><strong>Estado Sucre.- <\/strong>La Corporaci\u00f3n El\u00e9ctrica Nacional (Corpoelec) proporcionar\u00e1 a sus usuarios comerciales servicios de atenci\u00f3n personalizada los d\u00edas 05, 06 y 07 de diciembre.<\/p>\n\n\n\n<p>Comerciantes de Cuman\u00e1, Car\u00fapano, Santa Fe, Cumanacoa, Casanay, Araya, Marig\u00fcitar, G\u00fciria, y Cariaco, dispondr\u00e1n de puntos de atenci\u00f3n, donde podr\u00e1n llevar a cabo notificaciones y pagos de deudas, adem\u00e1s de realizar actualizaciones de datos.<\/p>\n\n\n\n<p>El horario de atenci\u00f3n ser\u00e1 de 04:00 p.m. a 08:00 p.m. los d\u00edas jueves 05 y viernes 06 de diciembre; y de 08:30 a.m. a 03:00 p.m. el d\u00eda s\u00e1bado 07 de diciembre.<\/p>\n\n\n\n<p>Los puntos de atenci\u00f3n estar\u00e1n desplegados por:<\/p>\n\n\n\n<ul class=\"wp-block-list\">\n<li>Comercios de la ciudad de Cuman\u00e1, municipio Sucre.<\/li>\n<\/ul>\n\n\n\n<ul class=\"wp-block-list\">\n<li>Comercios de la ciudad de Car\u00fapano, municipio Berm\u00fadez.<\/li>\n<\/ul>\n\n\n\n<ul class=\"wp-block-list\">\n<li>Comercios del poblado de Santa Fe, municipio Sucre.<\/li>\n<\/ul>\n\n\n\n<ul class=\"wp-block-list\">\n<li>Comercios del poblado de Cumanacoa, municipio Montes<\/li>\n<\/ul>\n\n\n\n<ul class=\"wp-block-list\">\n<li>Comercios del poblado de Casanay, municipio Andr\u00e9s Eloy Blanco.<\/li>\n<\/ul>\n\n\n\n<ul class=\"wp-block-list\">\n<li>Comercios del poblado de Araya, municipio Cruz Salmer\u00f3n Acosta.<\/li>\n<\/ul>\n\n\n\n<ul class=\"wp-block-list\">\n<li>Comercios del poblado de Marig\u00fcitar, municipio Bol\u00edvar.<\/li>\n<\/ul>\n\n\n\n<ul class=\"wp-block-list\">\n<li>Comercios del poblado de G\u00fciria, municipio Valdez.<\/li>\n<\/ul>\n\n\n\n<ul class=\"wp-block-list\">\n<li>Comercios del poblado de Cariaco, municipio Ribero.<\/li>\n<\/ul>\n\n\n\n<p>Para m\u00e1s informaci\u00f3n sobre las Jornadas Integrales de Atenci\u00f3n al Usuario, puede dirigirse a @corpoelecinfo en la red social Instagram.<\/p>\n\n\n\n<p><strong>Prensa MPPEE &#8211; Corpoelec<\/strong><\/p>\n","protected":false},"excerpt":{"rendered":"<p>Estado Sucre.- La Corporaci\u00f3n El\u00e9ctrica Nacional (Corpoelec) proporcionar\u00e1 a sus usuarios comerciales servicios de atenci\u00f3n personalizada los d\u00edas 05, 06<\/p>\n","protected":false},"author":24,"featured_media":92917,"comment_status":"closed","ping_status":"closed","sticky":false,"template":"","format":"standard","meta":{"footnotes":""},"categories":[1,30,7],"tags":[2803,2693,2848],"class_list":["post-92916","post","type-post","status-publish","format-standard","has-post-thumbnail","hentry","category-mppee","category-regionales","category-sen","tag-jornada-de-atencion-al-usuario","tag-sucre","tag-usuarios-comerciales"],"_links":{"self":[{"href":"https:\/\/mppee.gob.ve\/index.php?rest_route=\/wp\/v2\/posts\/92916","targetHints":{"allow":["GET"]}}],"collection":[{"href":"https:\/\/mppee.gob.ve\/index.php?rest_route=\/wp\/v2\/posts"}],"about":[{"href":"https:\/\/mppee.gob.ve\/index.php?rest_route=\/wp\/v2\/types\/post"}],"author":[{"embeddable":true,"href":"https:\/\/mppee.gob.ve\/index.php?rest_route=\/wp\/v2\/users\/24"}],"replies":[{"embeddable":true,"href":"https:\/\/mppee.gob.ve\/index.php?rest_route=%2Fwp%2Fv2%2Fcomments&post=92916"}],"version-history":[{"count":1,"href":"https:\/\/mppee.gob.ve\/index.php?rest_route=\/wp\/v2\/posts\/92916\/revisions"}],"predecessor-version":[{"id":92918,"href":"https:\/\/mppee.gob.ve\/index.php?rest_route=\/wp\/v2\/posts\/92916\/revisions\/92918"}],"wp:featuredmedia":[{"embeddable":true,"href":"https:\/\/mppee.gob.ve\/index.php?rest_route=\/wp\/v2\/media\/92917"}],"wp:attachment":[{"href":"https:\/\/mppee.gob.ve\/index.php?rest_route=%2Fwp%2Fv2%2Fmedia&parent=92916"}],"wp:term":[{"taxonomy":"category","embeddable":true,"href":"https:\/\/mppee.gob.ve\/index.php?rest_route=%2Fwp%2Fv2%2Fcategories&post=92916"},{"taxonomy":"post_tag","embeddable":true,"href":"https:\/\/mppee.gob.ve\/index.php?rest_route=%2Fwp%2Fv2%2Ftags&post=92916"}],"curies":[{"name":"wp","href":"https:\/\/api.w.org\/{rel}","templated":true}]}}