{"id":92938,"date":"2024-12-06T13:06:15","date_gmt":"2024-12-06T13:06:15","guid":{"rendered":"http:\/\/mppee.gob.ve\/?p=92938"},"modified":"2024-12-06T13:06:15","modified_gmt":"2024-12-06T13:06:15","slug":"usuarios-apurenos-recibiran-asesoria-en-jornadas-de-atencion","status":"publish","type":"post","link":"https:\/\/mppee.gob.ve\/?p=92938","title":{"rendered":"Usuarios apure\u00f1os recibir\u00e1n asesor\u00eda en jornadas de atenci\u00f3n"},"content":{"rendered":"\n<p><strong>Estado Apure.-<\/strong> La Corporaci\u00f3n El\u00e9ctrica Nacional (Corpoelec) desplegar\u00e1 est\u00e9 s\u00e1bado, 07 de diciembre, jornadas de atenci\u00f3n integral al usuario en los municipios San Fernando, Biruaca, Achaguas, R\u00f3mulo Gallegos, Mu\u00f1oz y P\u00e1ez del estado Apure.<\/p>\n\n\n\n<p>En los stands dispuestos por los agentes comerciales, los ciudadanos podr\u00e1n pagar sus facturas, recibir notificaci\u00f3n de deuda por consumo el\u00e9ctrico, actualizar datos y conocer las diferentes modalidades de pago en l\u00ednea.<\/p>\n\n\n\n<p>El personal de la estatal el\u00e9ctrica laborar\u00e1 de 08:00 a.m a 1:00 pm en los siguientes lugares:<\/p>\n\n\n\n<ul class=\"wp-block-list\">\n<li>Urbanizaci\u00f3n Los Tamarindos y Seraf\u00edn Cede\u00f1o, parroquia San Fernando, municipio San Fernando<\/li>\n<\/ul>\n\n\n\n<ul class=\"wp-block-list\">\n<li>Urbanizaci\u00f3n Altos de Puerto Miranda, parroquia Puerto Miranda, municipio Camagu\u00e1n.<\/li>\n<\/ul>\n\n\n\n<ul class=\"wp-block-list\">\n<li>Urbanizaci\u00f3n Las Terrazas, parroquia San Fernando, municipio San Fernando<\/li>\n<\/ul>\n\n\n\n<ul class=\"wp-block-list\">\n<li>Urbanizaci\u00f3n El Nazareno, parroquia Achaguas, municipio Achaguas<\/li>\n<\/ul>\n\n\n\n<ul class=\"wp-block-list\">\n<li>Sector Matadero, parroquia Elorza, municipio R\u00f3mulo Gallegos<\/li>\n<\/ul>\n\n\n\n<ul class=\"wp-block-list\">\n<li>Avenida Libertador, parroquia Mantecal, municipio Mu\u00f1oz<\/li>\n<\/ul>\n\n\n\n<ul class=\"wp-block-list\">\n<li>Avenida Cirilo Agelvis, parroquia San Camilo, Municipio P\u00e1ez<\/li>\n<\/ul>\n\n\n\n<ul class=\"wp-block-list\">\n<li>Carrera Ricaurte, parroquia Guasdualito, municipio P\u00e1ez<\/li>\n<\/ul>\n\n\n\n<p>Para mayor informaci\u00f3n sobre las Jornadas Integrales de Atenci\u00f3n al Usuario, puede visitar la cuenta @corpoelecinfo en la red social Instagram.<\/p>\n\n\n\n<p><strong>Prensa MPPEE &#8211; Corpoelec<\/strong><\/p>\n","protected":false},"excerpt":{"rendered":"<p>Estado Apure.- La Corporaci\u00f3n El\u00e9ctrica Nacional (Corpoelec) desplegar\u00e1 est\u00e9 s\u00e1bado, 07 de diciembre, jornadas de atenci\u00f3n integral al usuario en<\/p>\n","protected":false},"author":24,"featured_media":92917,"comment_status":"closed","ping_status":"closed","sticky":false,"template":"","format":"standard","meta":{"footnotes":""},"categories":[1,30],"tags":[2722,2802,2769],"class_list":["post-92938","post","type-post","status-publish","format-standard","has-post-thumbnail","hentry","category-mppee","category-regionales","tag-apure","tag-jornada-de-atencion","tag-usuario"],"_links":{"self":[{"href":"https:\/\/mppee.gob.ve\/index.php?rest_route=\/wp\/v2\/posts\/92938","targetHints":{"allow":["GET"]}}],"collection":[{"href":"https:\/\/mppee.gob.ve\/index.php?rest_route=\/wp\/v2\/posts"}],"about":[{"href":"https:\/\/mppee.gob.ve\/index.php?rest_route=\/wp\/v2\/types\/post"}],"author":[{"embeddable":true,"href":"https:\/\/mppee.gob.ve\/index.php?rest_route=\/wp\/v2\/users\/24"}],"replies":[{"embeddable":true,"href":"https:\/\/mppee.gob.ve\/index.php?rest_route=%2Fwp%2Fv2%2Fcomments&post=92938"}],"version-history":[{"count":1,"href":"https:\/\/mppee.gob.ve\/index.php?rest_route=\/wp\/v2\/posts\/92938\/revisions"}],"predecessor-version":[{"id":92939,"href":"https:\/\/mppee.gob.ve\/index.php?rest_route=\/wp\/v2\/posts\/92938\/revisions\/92939"}],"wp:featuredmedia":[{"embeddable":true,"href":"https:\/\/mppee.gob.ve\/index.php?rest_route=\/wp\/v2\/media\/92917"}],"wp:attachment":[{"href":"https:\/\/mppee.gob.ve\/index.php?rest_route=%2Fwp%2Fv2%2Fmedia&parent=92938"}],"wp:term":[{"taxonomy":"category","embeddable":true,"href":"https:\/\/mppee.gob.ve\/index.php?rest_route=%2Fwp%2Fv2%2Fcategories&post=92938"},{"taxonomy":"post_tag","embeddable":true,"href":"https:\/\/mppee.gob.ve\/index.php?rest_route=%2Fwp%2Fv2%2Ftags&post=92938"}],"curies":[{"name":"wp","href":"https:\/\/api.w.org\/{rel}","templated":true}]}}