{"id":92961,"date":"2024-12-08T15:25:31","date_gmt":"2024-12-08T15:25:31","guid":{"rendered":"http:\/\/mppee.gob.ve\/?p=92961"},"modified":"2024-12-08T16:21:24","modified_gmt":"2024-12-08T16:21:24","slug":"encuentro-de-lideres-de-comunicacion-afianza-metodos-para-la-informacion-eficaz","status":"publish","type":"post","link":"https:\/\/mppee.gob.ve\/?p=92961","title":{"rendered":"Encuentro de L\u00edderes de Comunicaci\u00f3n afianza m\u00e9todos para la informaci\u00f3n eficaz"},"content":{"rendered":"\n<p><strong>San Bernardino, Caracas.- <\/strong>A trav\u00e9s de estrategias de formaci\u00f3n en \u00e1reas medulares para una comunicaci\u00f3n efectiva, con perspectiva cr\u00edtica, se realiz\u00f3 la primera jornada del <em>Encuentro de L\u00edderes de Comunicaci\u00f3n del Sistema El\u00e9ctrico Nacional (SEN)<\/em>, que re\u00fane a gerentes regionales, supervisores estadales y responsables de comunicaciones de entes adscritos al Ministerio del Poder Popular para la Energ\u00eda El\u00e9ctrica (MPPEE).<\/p>\n\n\n\n<p>El intercambio que plantea el car\u00e1cter estrat\u00e9gico de la comunicaci\u00f3n para optimizar procesos internos y externos, abord\u00f3 ejes tem\u00e1ticos vinculados con la asertividad, gesti\u00f3n de crisis y liderazgo efectivo como elementos esenciales para la construcci\u00f3n y difusi\u00f3n de mensajes concretos, coherentes y completos en consonancia con las necesidades informativas no solo del p\u00fablico, sino tambi\u00e9n de quienes integran los equipos asociados al \u00e1rea de Comunicaci\u00f3n y Relaciones P\u00fablicas.<\/p>\n\n\n\n<p>La adopci\u00f3n de herramientas tecnol\u00f3gicas en el quehacer diario es otra de las aristas inaugural del <em>Encuentro de L\u00edderes de Comunicaci\u00f3n del SEN<\/em>, particularmente el uso de la Inteligencia Artificial como aliado vital para aumentar los niveles de eficacia en el trabajo de los comunicadores en un contexto donde la tecnolog\u00eda avanza r\u00e1pidamente.<\/p>\n\n\n\n<p><strong>Camarader\u00eda, punto clave de la jornada<\/strong><\/p>\n\n\n\n<p>Adem\u00e1s de reforzar habilidades inherentes a la labor gerencial, el Encuentro de L\u00edderes est\u00e1 marcado por el reencuentro sincero, di\u00e1logo fraterno e intercambio de perspectivas de quienes, debido a cuestiones geogr\u00e1ficas, no hab\u00edan podido fundirse en un abrazo como parte de una sola familia: el sector el\u00e9ctrico.<\/p>\n\n\n\n<p>Las charlas iniciales no solo eran sobre trabajo, tambi\u00e9n sobre amistad, solidaridad y la necesidad de conectarse verdaderamente con la esencia de un buen l\u00edder: inspirar y motivar.<\/p>\n\n\n\n<p>El <em>Encuentro de L\u00edderes de Comunicaci\u00f3n del SEN<\/em>, cuyo cronograma de actividades contin\u00faa este domingo en San Bernardino, ubicado en Caracas, se\u00f1ala un camino en la construcci\u00f3n de un futuro colaborativo para el sector el\u00e9ctrico, donde cada comunicador se sienta valorado y empoderado para enfrentar los desaf\u00edos del presente y del futuro.<\/p>\n\n\n\n<p><strong>Prensa MPPEE &#8211; Corpoelec<\/strong><\/p>\n","protected":false},"excerpt":{"rendered":"<p>San Bernardino, Caracas.- A trav\u00e9s de estrategias de formaci\u00f3n en \u00e1reas medulares para una comunicaci\u00f3n efectiva, con perspectiva cr\u00edtica, se<\/p>\n","protected":false},"author":24,"featured_media":92962,"comment_status":"closed","ping_status":"closed","sticky":false,"template":"","format":"standard","meta":{"footnotes":""},"categories":[1,15],"tags":[2858],"class_list":["post-92961","post","type-post","status-publish","format-standard","has-post-thumbnail","hentry","category-mppee","category-nacionales","tag-lideres"],"_links":{"self":[{"href":"https:\/\/mppee.gob.ve\/index.php?rest_route=\/wp\/v2\/posts\/92961","targetHints":{"allow":["GET"]}}],"collection":[{"href":"https:\/\/mppee.gob.ve\/index.php?rest_route=\/wp\/v2\/posts"}],"about":[{"href":"https:\/\/mppee.gob.ve\/index.php?rest_route=\/wp\/v2\/types\/post"}],"author":[{"embeddable":true,"href":"https:\/\/mppee.gob.ve\/index.php?rest_route=\/wp\/v2\/users\/24"}],"replies":[{"embeddable":true,"href":"https:\/\/mppee.gob.ve\/index.php?rest_route=%2Fwp%2Fv2%2Fcomments&post=92961"}],"version-history":[{"count":3,"href":"https:\/\/mppee.gob.ve\/index.php?rest_route=\/wp\/v2\/posts\/92961\/revisions"}],"predecessor-version":[{"id":92967,"href":"https:\/\/mppee.gob.ve\/index.php?rest_route=\/wp\/v2\/posts\/92961\/revisions\/92967"}],"wp:featuredmedia":[{"embeddable":true,"href":"https:\/\/mppee.gob.ve\/index.php?rest_route=\/wp\/v2\/media\/92962"}],"wp:attachment":[{"href":"https:\/\/mppee.gob.ve\/index.php?rest_route=%2Fwp%2Fv2%2Fmedia&parent=92961"}],"wp:term":[{"taxonomy":"category","embeddable":true,"href":"https:\/\/mppee.gob.ve\/index.php?rest_route=%2Fwp%2Fv2%2Fcategories&post=92961"},{"taxonomy":"post_tag","embeddable":true,"href":"https:\/\/mppee.gob.ve\/index.php?rest_route=%2Fwp%2Fv2%2Ftags&post=92961"}],"curies":[{"name":"wp","href":"https:\/\/api.w.org\/{rel}","templated":true}]}}