{"id":92968,"date":"2024-12-08T23:19:35","date_gmt":"2024-12-08T23:19:35","guid":{"rendered":"http:\/\/mppee.gob.ve\/?p=92968"},"modified":"2024-12-08T23:19:37","modified_gmt":"2024-12-08T23:19:37","slug":"encuentro-de-lideres-una-oportunidad-para-reforzar-estrategias-a-favor-del-sen","status":"publish","type":"post","link":"https:\/\/mppee.gob.ve\/?p=92968","title":{"rendered":"Encuentro de L\u00edderes, una oportunidad para reforzar estrategias a favor del SEN"},"content":{"rendered":"\n<p>San Bernardino, Caracas.- La camarader\u00eda es el punto de encuentro de un grupo tan diverso como sus estados de origen, pero unido por un prop\u00f3sito com\u00fan:  fortalecer la comunicaci\u00f3n interna y externa dentro del Sistema El\u00e9ctrico Nacional (SEN), elemento transversal de la estrategia integral trazada por el ministro del Poder Popular para la Energ\u00eda El\u00e9ctrica, Jorge M\u00e1rquez.<\/p>\n\n\n\n<p>Durante dos d\u00edas de formaci\u00f3n intensiva, gerentes regionales, supervisores estadales y responsables de Comunicaci\u00f3n y Relaciones P\u00fablicas de los entes adscritos al Ministerio del Poder Popular para la Energ\u00eda El\u00e9ctrica (MPPEE) adquirieron herramientas pr\u00e1cticas para reforzar los m\u00e9todos de liderazgo, anclados a los valores de empat\u00eda, honestidad y solidaridad, como v\u00eda imprescindible para consolidar objetivos a corto, mediano y largo plazo.<\/p>\n\n\n\n<p>Empoderar era la meta que se cumplir\u00eda a cabalidad, gracias a conferencias, talleres y paneles de discusi\u00f3n que adem\u00e1s de realzar el valor de ser comunicadores, tambi\u00e9n dej\u00f3 en evidencia el enorme potencial de inspirar y motivar de cada uno de los participantes, quienes ahora asumen el compromiso de elevar los niveles de eficiencia, eficacia y calidad.<\/p>\n\n\n\n<p>\u201cEstamos contentos, solo hay comentarios de agradecimiento. Nos vamos comprometidos a mejorar, nos inyectaron motivaci\u00f3n\u201d, enfatiz\u00f3 Omar Borrero, procedente del estado Barinas.<\/p>\n\n\n\n<p>Precisamente, forjar una comunicaci\u00f3n proactiva con la capacidad de transformar cada mensaje en una oportunidad para construir confianza es la esencia del Encuentro de L\u00edderes de Comunicaci\u00f3n del SEN, iniciativa organizada por la Oficina de Gesti\u00f3n Comunicacional e ideado por el ministro del Poder Popular para la Energ\u00eda El\u00e9ctrica, Jorge M\u00e1rquez, como un aporte sustantivo para el fortalecimiento del trabajo en equipo en un sector tan crucial como el el\u00e9ctrico.<\/p>\n\n\n\n<p>Al respecto, Aday Torrealba, del estado Cojedes, subray\u00f3 que los conocimientos obtenidos, as\u00ed como el refrescamiento de fundamentos b\u00e1sicos para el quehacer period\u00edstico, no solo tributan a su desenvolvimiento personal, sino al crecimiento continuo del equipo que lidera en la entidad llanera.<\/p>\n\n\n\n<p>\u201cAqu\u00ed lleg\u00f3 una Aday, pero se va otra mucho m\u00e1s empoderada, m\u00e1s formada, mas segura del uso de herramientas tecnol\u00f3gicas\u201d, enfatiz\u00f3 al recalcar la val\u00eda del liderazgo \u201cpara llevar a nuestros equipos al \u00e9xito\u201d.<\/p>\n\n\n\n<p>Una de las acciones concretas que los asistentes plantean aplicar en sus grupos de trabajo es, fundamentalmente, compartir la experiencia en un ejercicio de socializaci\u00f3n de las t\u00e9cnicas aprendidas en las jornadas formativas.<\/p>\n\n\n\n<p>Sobre esto, Merlis Rodr\u00edguez Perdomo, de la Regi\u00f3n Guayana, detall\u00f3 que llevar\u00e1 \u201cconocimiento para fortalecer las estrategias que nos ayuden a impulsar nuestra gesti\u00f3n\u201d.\u201cMe reunir\u00e9 con el personal para compartir toda la informaci\u00f3n que recibimos en este encuentro donde nos reunimos todos los comunicadores a nivel nacional para prepararnos, para actualizar nuestros conocimientos (\u2026) Me voy renovada, con otras ideas que pienso implementar\u201d, afirm\u00f3.<\/p>\n\n\n\n<p>Y en concreto esa es la raz\u00f3n de ser del I Encuentro de L\u00edderes de Comunicaci\u00f3n, una plataforma para crecer en conjunto, delinear estrategias y establecer mecanismos a futuro donde la comunicaci\u00f3n sea uno de los motores que impulse el desarrollo del Sistema El\u00e9ctrico Nacional.<\/p>\n\n\n\n<p>Prensa MPPEE &#8211; Corpoelec<\/p>\n\n\n\n<p><\/p>\n","protected":false},"excerpt":{"rendered":"<p>San Bernardino, Caracas.- La camarader\u00eda es el punto de encuentro de un grupo tan diverso como sus estados de origen,<\/p>\n","protected":false},"author":24,"featured_media":92970,"comment_status":"closed","ping_status":"closed","sticky":false,"template":"","format":"standard","meta":{"footnotes":""},"categories":[1,15],"tags":[2858,11,2744],"class_list":["post-92968","post","type-post","status-publish","format-standard","has-post-thumbnail","hentry","category-mppee","category-nacionales","tag-lideres","tag-mppee","tag-sen"],"_links":{"self":[{"href":"https:\/\/mppee.gob.ve\/index.php?rest_route=\/wp\/v2\/posts\/92968","targetHints":{"allow":["GET"]}}],"collection":[{"href":"https:\/\/mppee.gob.ve\/index.php?rest_route=\/wp\/v2\/posts"}],"about":[{"href":"https:\/\/mppee.gob.ve\/index.php?rest_route=\/wp\/v2\/types\/post"}],"author":[{"embeddable":true,"href":"https:\/\/mppee.gob.ve\/index.php?rest_route=\/wp\/v2\/users\/24"}],"replies":[{"embeddable":true,"href":"https:\/\/mppee.gob.ve\/index.php?rest_route=%2Fwp%2Fv2%2Fcomments&post=92968"}],"version-history":[{"count":1,"href":"https:\/\/mppee.gob.ve\/index.php?rest_route=\/wp\/v2\/posts\/92968\/revisions"}],"predecessor-version":[{"id":92969,"href":"https:\/\/mppee.gob.ve\/index.php?rest_route=\/wp\/v2\/posts\/92968\/revisions\/92969"}],"wp:featuredmedia":[{"embeddable":true,"href":"https:\/\/mppee.gob.ve\/index.php?rest_route=\/wp\/v2\/media\/92970"}],"wp:attachment":[{"href":"https:\/\/mppee.gob.ve\/index.php?rest_route=%2Fwp%2Fv2%2Fmedia&parent=92968"}],"wp:term":[{"taxonomy":"category","embeddable":true,"href":"https:\/\/mppee.gob.ve\/index.php?rest_route=%2Fwp%2Fv2%2Fcategories&post=92968"},{"taxonomy":"post_tag","embeddable":true,"href":"https:\/\/mppee.gob.ve\/index.php?rest_route=%2Fwp%2Fv2%2Ftags&post=92968"}],"curies":[{"name":"wp","href":"https:\/\/api.w.org\/{rel}","templated":true}]}}