{"id":93073,"date":"2024-12-12T23:06:07","date_gmt":"2024-12-12T23:06:07","guid":{"rendered":"http:\/\/mppee.gob.ve\/?p=93073"},"modified":"2024-12-12T23:06:10","modified_gmt":"2024-12-12T23:06:10","slug":"plan-nacional-de-inspecciones-y-mantenimiento-integral-del-sen-atiende-al-tachira","status":"publish","type":"post","link":"https:\/\/mppee.gob.ve\/?p=93073","title":{"rendered":"Plan Nacional de Inspecciones y Mantenimiento Integral del SEN atiende al T\u00e1chira"},"content":{"rendered":"\n<p><strong>Estado T\u00e1chira.-<\/strong> Con el compromiso de avanzar en la recuperaci\u00f3n del Sistema El\u00e9ctrico Nacional (SEN), el ministro del Poder Popular para la Energ\u00eda El\u00e9ctrica, Jorge M\u00e1rquez, inspeccion\u00f3 este jueves la Planta Termoel\u00e9ctrica T\u00e1chira, ubicada en La Fr\u00eda, estado T\u00e1chira.<\/p>\n\n\n\n<p> Acompa\u00f1ado del presidente de la Corporaci\u00f3n El\u00e9ctrica Nacional (Corpoelec), Jos\u00e9 Luis Betancourt, el ingeniero y asesor Freddy Brito, y la fuerza trabajadora, el ministro M\u00e1rquez, verific\u00f3 las labores de rehabilitaci\u00f3n de la planta.<\/p>\n\n\n\n<p>En su recorrido por las instalaciones andinas, el tambi\u00e9n Vicepresidente Sectorial de Obras P\u00fablicas y Servicios, convers\u00f3 con los trabajadores para llevar el mensaje de compromiso del presidente de la Rep\u00fablica, Nicol\u00e1s Maduro, para optimizar la prestaci\u00f3n del servicio. <\/p>\n\n\n\n<p>Esta visita a la Planta Termoel\u00e9ctrica T\u00e1chira, se enmarca en el Plan Nacional de Inspecciones y Mantenimiento Integral del Sistema El\u00e9ctrico Nacional (SEN), que tiene como objetivo brindar soluciones al pa\u00eds, para mejorar progresivamente los procesos de generaci\u00f3n, transmisi\u00f3n y distribuci\u00f3n de la energ\u00eda el\u00e9ctrica en favor del pueblo venezolano. <\/p>\n\n\n\n<p><strong>Prensa MPPEE-Corpoelec\/Rosiris Ortega<\/strong><\/p>\n\n\n\n<p><\/p>\n","protected":false},"excerpt":{"rendered":"<p>Estado T\u00e1chira.- Con el compromiso de avanzar en la recuperaci\u00f3n del Sistema El\u00e9ctrico Nacional (SEN), el ministro del Poder Popular<\/p>\n","protected":false},"author":22,"featured_media":93074,"comment_status":"closed","ping_status":"closed","sticky":false,"template":"","format":"standard","meta":{"footnotes":""},"categories":[15,7],"tags":[2691,11,2744,2700,46],"class_list":["post-93073","post","type-post","status-publish","format-standard","has-post-thumbnail","hentry","category-nacionales","category-sen","tag-corpoelec","tag-mppee","tag-sen","tag-tachira","tag-venezuela"],"_links":{"self":[{"href":"https:\/\/mppee.gob.ve\/index.php?rest_route=\/wp\/v2\/posts\/93073","targetHints":{"allow":["GET"]}}],"collection":[{"href":"https:\/\/mppee.gob.ve\/index.php?rest_route=\/wp\/v2\/posts"}],"about":[{"href":"https:\/\/mppee.gob.ve\/index.php?rest_route=\/wp\/v2\/types\/post"}],"author":[{"embeddable":true,"href":"https:\/\/mppee.gob.ve\/index.php?rest_route=\/wp\/v2\/users\/22"}],"replies":[{"embeddable":true,"href":"https:\/\/mppee.gob.ve\/index.php?rest_route=%2Fwp%2Fv2%2Fcomments&post=93073"}],"version-history":[{"count":1,"href":"https:\/\/mppee.gob.ve\/index.php?rest_route=\/wp\/v2\/posts\/93073\/revisions"}],"predecessor-version":[{"id":93075,"href":"https:\/\/mppee.gob.ve\/index.php?rest_route=\/wp\/v2\/posts\/93073\/revisions\/93075"}],"wp:featuredmedia":[{"embeddable":true,"href":"https:\/\/mppee.gob.ve\/index.php?rest_route=\/wp\/v2\/media\/93074"}],"wp:attachment":[{"href":"https:\/\/mppee.gob.ve\/index.php?rest_route=%2Fwp%2Fv2%2Fmedia&parent=93073"}],"wp:term":[{"taxonomy":"category","embeddable":true,"href":"https:\/\/mppee.gob.ve\/index.php?rest_route=%2Fwp%2Fv2%2Fcategories&post=93073"},{"taxonomy":"post_tag","embeddable":true,"href":"https:\/\/mppee.gob.ve\/index.php?rest_route=%2Fwp%2Fv2%2Ftags&post=93073"}],"curies":[{"name":"wp","href":"https:\/\/api.w.org\/{rel}","templated":true}]}}