{"id":93086,"date":"2024-12-13T14:29:48","date_gmt":"2024-12-13T14:29:48","guid":{"rendered":"http:\/\/mppee.gob.ve\/?p=93086"},"modified":"2024-12-13T14:29:50","modified_gmt":"2024-12-13T14:29:50","slug":"municipios-del-estado-miranda-recibiran-jornadas-de-atencion-al-usuarios","status":"publish","type":"post","link":"https:\/\/mppee.gob.ve\/?p=93086","title":{"rendered":"Municipios del estado Miranda recibir\u00e1n jornadas de atenci\u00f3n al usuarios"},"content":{"rendered":"\n<p><strong>Estado Miranda.- <\/strong>Este s\u00e1bado 14 de diciembre, los Centros Integrales de Atenci\u00f3n al Usuario (CIAU) de la Corporaci\u00f3n El\u00e9ctrica Nacional (Corpoelec) realizar\u00e1n jornadas personalizadas, con la finalidad de brindar la asesor\u00eda y acompa\u00f1amiento en los tr\u00e1mites del servicio de electricidad.<\/p>\n\n\n\n<p>Las jornadas se desplegar\u00e1n en los municipios: Zamora, Guaicaipuro y Los Salias, donde los usuarios podr\u00e1n efectuar actualizaci\u00f3n de datos, notificaci\u00f3n de deuda y pago de facturas a trav\u00e9s de puntos de ventas.<\/p>\n\n\n\n<p>A continuaci\u00f3n, se da a conocer la direcci\u00f3n donde estar\u00e1n ubicados los stands de los CIAU en un horario comprendido de 9:00 de la ma\u00f1ana hasta las 2:00 de la tarde.<\/p>\n\n\n\n<p>\u2022Conjunto Residencial Las Flores (v\u00eda Valle Arriba), parroquia Guatire, municipio Zamora.<\/p>\n\n\n\n<p>\u2022Centro Comercial Libador, planta baja, casco central de Paracotos, municipio Guaicaipuro.<\/p>\n\n\n\n<p>\u2022Centro Comercial Galer\u00edas Las Am\u00e9ricas, piso 1, carretera Panamericana kil\u00f3metro 15, municipio Los Salias.<\/p>\n\n\n\n<p>\u2022Centro Comercial Luz El\u00e9ctrica, calle Miquilen, piso 2, municipio Guaicaipuro.<\/p>\n\n\n\n<p>Para mayor informaci\u00f3n sobre las Jornadas Integrales de Atenci\u00f3n al Usuario, puede visitar la cuenta @corpoelecinfo en la red social Instagram.<\/p>\n\n\n\n<p><strong>Prensa MPPEE-Corpoelec<\/strong> <\/p>\n","protected":false},"excerpt":{"rendered":"<p>Estado Miranda.- Este s\u00e1bado 14 de diciembre, los Centros Integrales de Atenci\u00f3n al Usuario (CIAU) de la Corporaci\u00f3n El\u00e9ctrica Nacional<\/p>\n","protected":false},"author":22,"featured_media":92931,"comment_status":"closed","ping_status":"closed","sticky":false,"template":"","format":"standard","meta":{"footnotes":""},"categories":[30,7],"tags":[2691,2709,11,2744,46],"class_list":["post-93086","post","type-post","status-publish","format-standard","has-post-thumbnail","hentry","category-regionales","category-sen","tag-corpoelec","tag-miranda","tag-mppee","tag-sen","tag-venezuela"],"_links":{"self":[{"href":"https:\/\/mppee.gob.ve\/index.php?rest_route=\/wp\/v2\/posts\/93086","targetHints":{"allow":["GET"]}}],"collection":[{"href":"https:\/\/mppee.gob.ve\/index.php?rest_route=\/wp\/v2\/posts"}],"about":[{"href":"https:\/\/mppee.gob.ve\/index.php?rest_route=\/wp\/v2\/types\/post"}],"author":[{"embeddable":true,"href":"https:\/\/mppee.gob.ve\/index.php?rest_route=\/wp\/v2\/users\/22"}],"replies":[{"embeddable":true,"href":"https:\/\/mppee.gob.ve\/index.php?rest_route=%2Fwp%2Fv2%2Fcomments&post=93086"}],"version-history":[{"count":1,"href":"https:\/\/mppee.gob.ve\/index.php?rest_route=\/wp\/v2\/posts\/93086\/revisions"}],"predecessor-version":[{"id":93087,"href":"https:\/\/mppee.gob.ve\/index.php?rest_route=\/wp\/v2\/posts\/93086\/revisions\/93087"}],"wp:featuredmedia":[{"embeddable":true,"href":"https:\/\/mppee.gob.ve\/index.php?rest_route=\/wp\/v2\/media\/92931"}],"wp:attachment":[{"href":"https:\/\/mppee.gob.ve\/index.php?rest_route=%2Fwp%2Fv2%2Fmedia&parent=93086"}],"wp:term":[{"taxonomy":"category","embeddable":true,"href":"https:\/\/mppee.gob.ve\/index.php?rest_route=%2Fwp%2Fv2%2Fcategories&post=93086"},{"taxonomy":"post_tag","embeddable":true,"href":"https:\/\/mppee.gob.ve\/index.php?rest_route=%2Fwp%2Fv2%2Ftags&post=93086"}],"curies":[{"name":"wp","href":"https:\/\/api.w.org\/{rel}","templated":true}]}}