{"id":93121,"date":"2024-12-14T17:12:46","date_gmt":"2024-12-14T17:12:46","guid":{"rendered":"http:\/\/mppee.gob.ve\/?p=93121"},"modified":"2024-12-14T17:12:48","modified_gmt":"2024-12-14T17:12:48","slug":"ministro-marquez-lidera-reunion-de-trabajo-en-el-complejo-hidroelectrico-jose-antonio-paez","status":"publish","type":"post","link":"https:\/\/mppee.gob.ve\/?p=93121","title":{"rendered":"Ministro M\u00e1rquez lidera reuni\u00f3n de trabajo en el Complejo Hidroel\u00e9ctrico Jos\u00e9 Antonio P\u00e1ez"},"content":{"rendered":"\n<p><strong>Estado Barinas.- <\/strong>El ministro del Poder Popular para la Energ\u00eda El\u00e9ctrica, Jorge M\u00e1rquez, lidero este s\u00e1bado una reuni\u00f3n con los equipos de trabajo de la Corporaci\u00f3n El\u00e9ctrica Nacional (Corpoelec) a fin de evaluar las estrategias para potenciar el servicio el\u00e9ctrico en la regi\u00f3n. <\/p>\n\n\n\n<p>El encuentro se realiz\u00f3 en el Complejo Hidroel\u00e9ctrico Jos\u00e9 Antonio P\u00e1ez, localizado en la regi\u00f3n llanos sur-occidente, entre las poblaciones de Calderas y Altamira,\u00a0 que alimenta los doce municipios de Barinas y los estados andinos, M\u00e9rida y Trujillo. <\/p>\n\n\n\n<p>En el encuentro participan el presidente de Corpoelec, Jos\u00e9 Luis Betancourt, gerentes generales, gerentes de l\u00ednea, trabajadores y miembros de los equipos operativos del SEN.<\/p>\n\n\n\n<p> Esta acci\u00f3n forma parte del Plan de Inspecci\u00f3n y Mantenimiento Integral que lleva a cabo el Ministerio del Poder Popular para la Energ\u00eda El\u00e9ctrica para optimizar el servicio en todo el pa\u00eds. <\/p>\n\n\n\n<p><strong>Prensa MPPEE-Corpoelec<\/strong><\/p>\n","protected":false},"excerpt":{"rendered":"<p>Estado Barinas.- El ministro del Poder Popular para la Energ\u00eda El\u00e9ctrica, Jorge M\u00e1rquez, lidero este s\u00e1bado una reuni\u00f3n con los<\/p>\n","protected":false},"author":22,"featured_media":93122,"comment_status":"closed","ping_status":"closed","sticky":false,"template":"","format":"standard","meta":{"footnotes":""},"categories":[15,7],"tags":[2698,2691,11,2744,46],"class_list":["post-93121","post","type-post","status-publish","format-standard","has-post-thumbnail","hentry","category-nacionales","category-sen","tag-barinas","tag-corpoelec","tag-mppee","tag-sen","tag-venezuela"],"_links":{"self":[{"href":"https:\/\/mppee.gob.ve\/index.php?rest_route=\/wp\/v2\/posts\/93121","targetHints":{"allow":["GET"]}}],"collection":[{"href":"https:\/\/mppee.gob.ve\/index.php?rest_route=\/wp\/v2\/posts"}],"about":[{"href":"https:\/\/mppee.gob.ve\/index.php?rest_route=\/wp\/v2\/types\/post"}],"author":[{"embeddable":true,"href":"https:\/\/mppee.gob.ve\/index.php?rest_route=\/wp\/v2\/users\/22"}],"replies":[{"embeddable":true,"href":"https:\/\/mppee.gob.ve\/index.php?rest_route=%2Fwp%2Fv2%2Fcomments&post=93121"}],"version-history":[{"count":1,"href":"https:\/\/mppee.gob.ve\/index.php?rest_route=\/wp\/v2\/posts\/93121\/revisions"}],"predecessor-version":[{"id":93123,"href":"https:\/\/mppee.gob.ve\/index.php?rest_route=\/wp\/v2\/posts\/93121\/revisions\/93123"}],"wp:featuredmedia":[{"embeddable":true,"href":"https:\/\/mppee.gob.ve\/index.php?rest_route=\/wp\/v2\/media\/93122"}],"wp:attachment":[{"href":"https:\/\/mppee.gob.ve\/index.php?rest_route=%2Fwp%2Fv2%2Fmedia&parent=93121"}],"wp:term":[{"taxonomy":"category","embeddable":true,"href":"https:\/\/mppee.gob.ve\/index.php?rest_route=%2Fwp%2Fv2%2Fcategories&post=93121"},{"taxonomy":"post_tag","embeddable":true,"href":"https:\/\/mppee.gob.ve\/index.php?rest_route=%2Fwp%2Fv2%2Ftags&post=93121"}],"curies":[{"name":"wp","href":"https:\/\/api.w.org\/{rel}","templated":true}]}}