{"id":93164,"date":"2024-12-17T20:02:13","date_gmt":"2024-12-17T20:02:13","guid":{"rendered":"http:\/\/mppee.gob.ve\/?p=93164"},"modified":"2024-12-17T20:02:15","modified_gmt":"2024-12-17T20:02:15","slug":"mas-de-1-200-familias-portuguesenas-atendidas-con-instalacion-de-transformadores","status":"publish","type":"post","link":"https:\/\/mppee.gob.ve\/?p=93164","title":{"rendered":"M\u00e1s de 1.200 familias portuguese\u00f1as atendidas con instalaci\u00f3n de transformadores"},"content":{"rendered":"\n<p><strong>Estado Portuguesa.-&nbsp;<\/strong>A trav\u00e9s de la instalaci\u00f3n de 41 transformadores, trabajadores de la Corporaci\u00f3n El\u00e9ctrica Nacional (Corpoelec) fortalecen el servicio de energ\u00eda brindado a 1.282 familias de los municipios P\u00e1ez, Araure, Sucre,&nbsp;Monse\u00f1or Jos\u00e9 Vicente de&nbsp;Unda, Guanare y Esteller del estado Portuguesa.<\/p>\n\n\n\n<p>Estos equipos con capacidades de 15, 25, 37,5 y 50 kVA, mejoran el fluido el\u00e9ctrico a residentes y comerciantes de los sectores Centro, El Carmelo, Villas del Pilar, Bella Vista&nbsp;I,&nbsp;Los Robles, Goajira Vieja,&nbsp;Padre Esteller, Antonio Jos\u00e9 de Sucre,&nbsp;Avispero, Arenosa II, Villa Rosa, Bucaral, Campo Ameno, Fila del Charal, Concepci\u00f3n, Alto de Saguaz y Monte Claro.<\/p>\n\n\n\n<p>Al respecto, Antonio Colmenares, de la comunidad El Carmelo, ubicada en el municipio P\u00e1ez, recalc\u00f3 que la instalaci\u00f3n de transformadores \u201cmejoran el suministro de energ\u00eda y nuestra calidad de vida\u201d.<\/p>\n\n\n\n<p>En simult\u00e1neo a las labores de instalaci\u00f3n de transformadores, personal t\u00e9cnico de la estatal el\u00e9ctrica ejecutaron balance de cargas, adecuaciones en baja y media tensi\u00f3n e instalaci\u00f3n de componentes el\u00e9ctricos a fin de garantizar la operatividad de la red de distribuci\u00f3n.<\/p>\n\n\n\n<p>Estas acciones responden a las solicitudes registradas por los usuarios&nbsp;que residen en los referidos&nbsp;sectores&nbsp;a trav\u00e9s de la plataforma VenApp del 1&#215;10 del Buen Gobierno, herramienta impulsada por el Ejecutivo Nacional&nbsp;como mecanismo integral para la atenci\u00f3n al pueblo en materia de servicios.<\/p>\n\n\n\n<p><strong>Prensa MPPEE &#8211; Corpoelec<\/strong><\/p>\n","protected":false},"excerpt":{"rendered":"<p>Estado Portuguesa.-&nbsp;A trav\u00e9s de la instalaci\u00f3n de 41 transformadores, trabajadores de la Corporaci\u00f3n El\u00e9ctrica Nacional (Corpoelec) fortalecen el servicio de<\/p>\n","protected":false},"author":24,"featured_media":93165,"comment_status":"closed","ping_status":"closed","sticky":false,"template":"","format":"standard","meta":{"footnotes":""},"categories":[1,30,7],"tags":[2691,2725,2751],"class_list":["post-93164","post","type-post","status-publish","format-standard","has-post-thumbnail","hentry","category-mppee","category-regionales","category-sen","tag-corpoelec","tag-portuguesa","tag-transformadores"],"_links":{"self":[{"href":"https:\/\/mppee.gob.ve\/index.php?rest_route=\/wp\/v2\/posts\/93164","targetHints":{"allow":["GET"]}}],"collection":[{"href":"https:\/\/mppee.gob.ve\/index.php?rest_route=\/wp\/v2\/posts"}],"about":[{"href":"https:\/\/mppee.gob.ve\/index.php?rest_route=\/wp\/v2\/types\/post"}],"author":[{"embeddable":true,"href":"https:\/\/mppee.gob.ve\/index.php?rest_route=\/wp\/v2\/users\/24"}],"replies":[{"embeddable":true,"href":"https:\/\/mppee.gob.ve\/index.php?rest_route=%2Fwp%2Fv2%2Fcomments&post=93164"}],"version-history":[{"count":1,"href":"https:\/\/mppee.gob.ve\/index.php?rest_route=\/wp\/v2\/posts\/93164\/revisions"}],"predecessor-version":[{"id":93166,"href":"https:\/\/mppee.gob.ve\/index.php?rest_route=\/wp\/v2\/posts\/93164\/revisions\/93166"}],"wp:featuredmedia":[{"embeddable":true,"href":"https:\/\/mppee.gob.ve\/index.php?rest_route=\/wp\/v2\/media\/93165"}],"wp:attachment":[{"href":"https:\/\/mppee.gob.ve\/index.php?rest_route=%2Fwp%2Fv2%2Fmedia&parent=93164"}],"wp:term":[{"taxonomy":"category","embeddable":true,"href":"https:\/\/mppee.gob.ve\/index.php?rest_route=%2Fwp%2Fv2%2Fcategories&post=93164"},{"taxonomy":"post_tag","embeddable":true,"href":"https:\/\/mppee.gob.ve\/index.php?rest_route=%2Fwp%2Fv2%2Ftags&post=93164"}],"curies":[{"name":"wp","href":"https:\/\/api.w.org\/{rel}","templated":true}]}}