{"id":93198,"date":"2024-12-19T15:42:29","date_gmt":"2024-12-19T15:42:29","guid":{"rendered":"http:\/\/mppee.gob.ve\/?p=93198"},"modified":"2024-12-19T15:42:31","modified_gmt":"2024-12-19T15:42:31","slug":"instaladas-mas-de-15-mil-lamparas-led-en-el-estado-cojedes","status":"publish","type":"post","link":"https:\/\/mppee.gob.ve\/?p=93198","title":{"rendered":"Instaladas m\u00e1s de 15 mil l\u00e1mparas LED en el estado Cojedes"},"content":{"rendered":"\n<p><strong>Estado Cojedes.- <\/strong>La Corporaci\u00f3n El\u00e9ctrica Nacional (Corpoelec), instal\u00f3\u00a0 un total de 15 mil 282 l\u00e1mparas LED en los nueve municipios del estado Cojedes, atendiendo las solicitudes del Poder Popular, realizadas a trav\u00e9s de la plataforma VenApp y el Sistema 1X10 del Buen Gobierno.\u00a0<\/p>\n\n\n\n<p>Esta iniciativa favorece a m\u00e1s de 400 mil habitantes de la entidad llanera y fortalece la calidad del alumbrado p\u00fablico, lo que eleva la calidad de vida y seguridad de las comunidades.&nbsp;<\/p>\n\n\n\n<p>Francis L\u00f3pez, residente del municipio Tinaquillo, expres\u00f3 su agradecimiento por estas acciones de Corpoelec.&nbsp; \u201cCon la instalaci\u00f3n de luminarias de 100 vatios, se refuerza la seguridad de los residentes y transe\u00fantes en nuestras \u00e1reas. Agradecemos al personal de Corpoelec por su excelente labor en la iluminaci\u00f3n de nuestras calles.\u201d&nbsp;<\/p>\n\n\n\n<p>Por su parte, Alfredo Mujica, del municipio R\u00f3mulo Gallegos, expres\u00f3 que valora \u201cprofundamente el esfuerzo realizado para mejorar el alumbrado p\u00fablico en diversas comunidades, ya que esto nos permite desplazarnos con mayor tranquilidad y seguridad en nuestras rutas diarias.\u201d&nbsp;<\/p>\n\n\n\n<p>Con la palabra convertida en hechos, el Ministerio del Poder Popular para la Energ\u00eda El\u00e9ctrica (MPPEE), y Corpoelec, avanzan en el Plan Integral de Iluminaci\u00f3n de V\u00edas Expresas en la entidad llanera, garantizando la seguridad integral y el buen vivir de los ciudadanos.&nbsp;<\/p>\n\n\n\n<p><strong>\u00a0Prensa MPPEE- Corpoelec.<\/strong><\/p>\n\n\n\n<p><\/p>\n","protected":false},"excerpt":{"rendered":"<p>Estado Cojedes.- La Corporaci\u00f3n El\u00e9ctrica Nacional (Corpoelec), instal\u00f3\u00a0 un total de 15 mil 282 l\u00e1mparas LED en los nueve municipios<\/p>\n","protected":false},"author":24,"featured_media":93199,"comment_status":"closed","ping_status":"closed","sticky":false,"template":"","format":"standard","meta":{"footnotes":""},"categories":[1,30,7],"tags":[2710,2691,11,2744,46],"class_list":["post-93198","post","type-post","status-publish","format-standard","has-post-thumbnail","hentry","category-mppee","category-regionales","category-sen","tag-cojedes","tag-corpoelec","tag-mppee","tag-sen","tag-venezuela"],"_links":{"self":[{"href":"https:\/\/mppee.gob.ve\/index.php?rest_route=\/wp\/v2\/posts\/93198","targetHints":{"allow":["GET"]}}],"collection":[{"href":"https:\/\/mppee.gob.ve\/index.php?rest_route=\/wp\/v2\/posts"}],"about":[{"href":"https:\/\/mppee.gob.ve\/index.php?rest_route=\/wp\/v2\/types\/post"}],"author":[{"embeddable":true,"href":"https:\/\/mppee.gob.ve\/index.php?rest_route=\/wp\/v2\/users\/24"}],"replies":[{"embeddable":true,"href":"https:\/\/mppee.gob.ve\/index.php?rest_route=%2Fwp%2Fv2%2Fcomments&post=93198"}],"version-history":[{"count":2,"href":"https:\/\/mppee.gob.ve\/index.php?rest_route=\/wp\/v2\/posts\/93198\/revisions"}],"predecessor-version":[{"id":93201,"href":"https:\/\/mppee.gob.ve\/index.php?rest_route=\/wp\/v2\/posts\/93198\/revisions\/93201"}],"wp:featuredmedia":[{"embeddable":true,"href":"https:\/\/mppee.gob.ve\/index.php?rest_route=\/wp\/v2\/media\/93199"}],"wp:attachment":[{"href":"https:\/\/mppee.gob.ve\/index.php?rest_route=%2Fwp%2Fv2%2Fmedia&parent=93198"}],"wp:term":[{"taxonomy":"category","embeddable":true,"href":"https:\/\/mppee.gob.ve\/index.php?rest_route=%2Fwp%2Fv2%2Fcategories&post=93198"},{"taxonomy":"post_tag","embeddable":true,"href":"https:\/\/mppee.gob.ve\/index.php?rest_route=%2Fwp%2Fv2%2Ftags&post=93198"}],"curies":[{"name":"wp","href":"https:\/\/api.w.org\/{rel}","templated":true}]}}