{"id":93238,"date":"2024-12-20T17:51:16","date_gmt":"2024-12-20T17:51:16","guid":{"rendered":"http:\/\/mppee.gob.ve\/?p=93238"},"modified":"2024-12-20T17:51:18","modified_gmt":"2024-12-20T17:51:18","slug":"ministro-marquez-la-fortaleza-del-sen-son-sus-trabajadores","status":"publish","type":"post","link":"https:\/\/mppee.gob.ve\/?p=93238","title":{"rendered":"Ministro M\u00e1rquez: La fortaleza del SEN son sus trabajadores"},"content":{"rendered":"\n<p><strong>Teatro Teresa Carre\u00f1o, Caracas.- <\/strong>Ante voceros y voceras del Consejo Productivo de Trabajadores y Trabajadoras (CPTT), el ministro del Poder Popular para la Energ\u00eda El\u00e9ctrica, Jorge M\u00e1rquez, enfatiz\u00f3 que la principal fortaleza del Sistema El\u00e9ctrico Nacional (SEN) es su clase obrera que, pese a las adversidades, mantiene un compromiso inquebrantable con el avance econ\u00f3mico y social.<\/p>\n\n\n\n<p>\u201cA partir de hoy pasan a ser la vanguardia, mi vanguardia en cada uno de los estados. \u00bfPor qu\u00e9 la vanguardia? Porque son mis ojos, mis o\u00eddos y si nos vamos a la misi\u00f3n de la constituci\u00f3n de los Consejos Productivos de Trabajadores y Trabajadoras son los responsables de la producci\u00f3n de esta empresa -Corporaci\u00f3n El\u00e9ctrica Nacional-, junto conmigo, son los responsables de que genere lo que tiene que generar: electricidad\u201d, asever\u00f3 desde el Teatro Teresa Carre\u00f1o, ubicado en Caracas.<\/p>\n\n\n\n<p>Enfatiz\u00f3 que existen motivos para sentirse orgullosos por la labor desempe\u00f1ada en el sector el\u00e9ctrico, siendo una de ellas la \u201ctremenda organizaci\u00f3n\u201d de 33 mil trabajadores y trabajadoras sobre los que descansa el desarrollo de un pa\u00eds que supera los 32 millones de habitantes.<\/p>\n\n\n\n<p>\u201cEntonces, \u00bftenemos motivos para sentirnos orgullosos? S\u00ed, tenemos motivos para sentirnos orgullosos y llegar a nuestra casa; y que nuestros hijos nos vean como h\u00e9roes. Debemos sentirnos orgullosos porque vamos por la calle con nuestra camisa que dice Corpoelec y la gente nos mira, vamos a una panader\u00eda, nos tomamos un caf\u00e9 y dicen: \u00a1Eres un h\u00e9roe!\u201d, puntualiz\u00f3.<\/p>\n\n\n\n<p>M\u00e1rquez indic\u00f3 que, si bien se evidencian mejoras sustanciales, a\u00fan resta mucho por hacer. Al respecto, subray\u00f3 que \u201ctenemos la capacidad profesional para levantar el servicio el\u00e9ctrico con nuestras propias manos\u201d, lo que se refleja con la recuperaci\u00f3n, adecuaci\u00f3n y mantenimiento integral de maquinaria e infraestructura gracias a la inventiva de la clase obrera.<br>\u201cTodo es gracias al esfuerzo de ustedes, por eso no me cansar\u00e9 de agradecerles\u201d, afirm\u00f3.<\/p>\n\n\n\n<p>El tambi\u00e9n Vicepresidente de Obras P\u00fablicas y Servicios, quien convoc\u00f3 a consolidar los CPTT a partir del inicio del proceso de renovaci\u00f3n de vocer\u00edas, asever\u00f3 que quienes dan vida al SEN \u201cson dignos representantes de un pueblo que ha batallado\u201d y que ha superado con \u00e9xito las crueles artima\u00f1as, expresadas en medidas coercitivas unilaterales y agresiones sistem\u00e1ticas, impuestas por sectores extremistas.<\/p>\n\n\n\n<p>\u201cLa historia escribir\u00e1 todo lo que nuestro pa\u00eds ha pasado y tambi\u00e9n escribir\u00e1 en letras may\u00fasculas todo lo que hicimos en esta batalla, todos los logros que obtuvimos y c\u00f3mo este pueblo batallador logr\u00f3 levantarse de las sanciones\u201d, recalc\u00f3.<\/p>\n\n\n\n<p>M\u00e1rquez reivindic\u00f3 las palabras del presidente de la Rep\u00fablica, Nicol\u00e1s Maduro, quien ha destacado el rol estrat\u00e9gico de los trabajadores y las trabajadoras en la configuraci\u00f3n de modelos productivos que tributen al pleno funcionamiento de las empresas del Estado.<\/p>\n\n\n\n<p><strong>Prensa MPPEE &#8211; Corpoelec<\/strong><\/p>\n","protected":false},"excerpt":{"rendered":"<p>Teatro Teresa Carre\u00f1o, Caracas.- Ante voceros y voceras del Consejo Productivo de Trabajadores y Trabajadoras (CPTT), el ministro del Poder<\/p>\n","protected":false},"author":24,"featured_media":93239,"comment_status":"closed","ping_status":"closed","sticky":false,"template":"","format":"standard","meta":{"footnotes":""},"categories":[1,15,7],"tags":[2691,2762,2763,2744,2701],"class_list":["post-93238","post","type-post","status-publish","format-standard","has-post-thumbnail","hentry","category-mppee","category-nacionales","category-sen","tag-corpoelec","tag-cptt","tag-jorge-marquez","tag-sen","tag-trabajadores"],"_links":{"self":[{"href":"https:\/\/mppee.gob.ve\/index.php?rest_route=\/wp\/v2\/posts\/93238","targetHints":{"allow":["GET"]}}],"collection":[{"href":"https:\/\/mppee.gob.ve\/index.php?rest_route=\/wp\/v2\/posts"}],"about":[{"href":"https:\/\/mppee.gob.ve\/index.php?rest_route=\/wp\/v2\/types\/post"}],"author":[{"embeddable":true,"href":"https:\/\/mppee.gob.ve\/index.php?rest_route=\/wp\/v2\/users\/24"}],"replies":[{"embeddable":true,"href":"https:\/\/mppee.gob.ve\/index.php?rest_route=%2Fwp%2Fv2%2Fcomments&post=93238"}],"version-history":[{"count":1,"href":"https:\/\/mppee.gob.ve\/index.php?rest_route=\/wp\/v2\/posts\/93238\/revisions"}],"predecessor-version":[{"id":93240,"href":"https:\/\/mppee.gob.ve\/index.php?rest_route=\/wp\/v2\/posts\/93238\/revisions\/93240"}],"wp:featuredmedia":[{"embeddable":true,"href":"https:\/\/mppee.gob.ve\/index.php?rest_route=\/wp\/v2\/media\/93239"}],"wp:attachment":[{"href":"https:\/\/mppee.gob.ve\/index.php?rest_route=%2Fwp%2Fv2%2Fmedia&parent=93238"}],"wp:term":[{"taxonomy":"category","embeddable":true,"href":"https:\/\/mppee.gob.ve\/index.php?rest_route=%2Fwp%2Fv2%2Fcategories&post=93238"},{"taxonomy":"post_tag","embeddable":true,"href":"https:\/\/mppee.gob.ve\/index.php?rest_route=%2Fwp%2Fv2%2Ftags&post=93238"}],"curies":[{"name":"wp","href":"https:\/\/api.w.org\/{rel}","templated":true}]}}