{"id":93244,"date":"2024-12-20T18:17:57","date_gmt":"2024-12-20T18:17:57","guid":{"rendered":"http:\/\/mppee.gob.ve\/?p=93244"},"modified":"2024-12-20T18:18:00","modified_gmt":"2024-12-20T18:18:00","slug":"trabajadores-estan-llamados-a-defender-el-sen","status":"publish","type":"post","link":"https:\/\/mppee.gob.ve\/?p=93244","title":{"rendered":"Trabajadores est\u00e1n llamados a defender el SEN"},"content":{"rendered":"\n<p><strong>Teatro Teresa Carre\u00f1o, Caracas.- <\/strong>La expansi\u00f3n de los cuerpos combatientes para la defensa del Sistema El\u00e9ctrico Nacional (SEN) es la tarea sobre la cual avanza la clase obrera de la Corporaci\u00f3n El\u00e9ctrica Nacional (Corpoelec), cuya voluntad qued\u00f3 trazada en el Encuentro de los Consejos Productivos de Trabajadores y Trabajadoras (CPTT).<\/p>\n\n\n\n<p>Al respecto, el ministro del Poder Popular para la Energ\u00eda El\u00e9ctrica, Jorge M\u00e1rquez, puntualiz\u00f3 que se definen mecanismos para establecer la estructura que dar\u00e1 pie al despliegue de esta instancia de defensa en las instalaciones encargadas de la generaci\u00f3n, transmisi\u00f3n y distribuci\u00f3n de electricidad.<\/p>\n\n\n\n<p>\u201cEl enemigo est\u00e1 al acecho. \u00bfQui\u00e9nes son los defensores? \u00a1Nosotros!\u201d, asever\u00f3 al destacar la necesidad de fortalecer los v\u00ednculos con la Fuerza Armada Nacional Bolivariana (FANB) y el Poder Popular para \u201corganizarnos y trabajar en equipo\u201d.<\/p>\n\n\n\n<p>Previamente, el ministro del Poder Popular para el Proceso Social del Trabajo, Eduardo Pi\u00f1ate, exhort\u00f3 a fortalecer los cuerpos combatientes, especialmente en el sector el\u00e9ctrico que es objeto de ataques sistem\u00e1ticos perpetrados por sectores extremistas.<\/p>\n\n\n\n<p>\u201c(\u2026) Fortalecer los cuerpos combatientes en todas partes; y nuestra empresa que ha sido objeto de m\u00faltiples sabotajes en varios momentos, tiene que ser defendida por los trabajadores\u201d, apunt\u00f3.<\/p>\n\n\n\n<p>Este llamado se inscribe en la instrucci\u00f3n del presidente de la Rep\u00fablica, Nicol\u00e1s Maduro, de garantizar el \u201cavance de una Venezuela poderosa y en paz\u201d a trav\u00e9s de la reactivaci\u00f3n de los cuerpos combatientes en los centros de trabajo como v\u00eda para salvaguardar el pueblo y proyecto bolivariano.<\/p>\n\n\n\n<p><strong>Prensa MPPEE &#8211; Corpoelec<\/strong><\/p>\n","protected":false},"excerpt":{"rendered":"<p>Teatro Teresa Carre\u00f1o, Caracas.- La expansi\u00f3n de los cuerpos combatientes para la defensa del Sistema El\u00e9ctrico Nacional (SEN) es la<\/p>\n","protected":false},"author":24,"featured_media":93245,"comment_status":"closed","ping_status":"closed","sticky":false,"template":"","format":"standard","meta":{"footnotes":""},"categories":[1,15,7],"tags":[2691,2870,2744,2701],"class_list":["post-93244","post","type-post","status-publish","format-standard","has-post-thumbnail","hentry","category-mppee","category-nacionales","category-sen","tag-corpoelec","tag-fanb","tag-sen","tag-trabajadores"],"_links":{"self":[{"href":"https:\/\/mppee.gob.ve\/index.php?rest_route=\/wp\/v2\/posts\/93244","targetHints":{"allow":["GET"]}}],"collection":[{"href":"https:\/\/mppee.gob.ve\/index.php?rest_route=\/wp\/v2\/posts"}],"about":[{"href":"https:\/\/mppee.gob.ve\/index.php?rest_route=\/wp\/v2\/types\/post"}],"author":[{"embeddable":true,"href":"https:\/\/mppee.gob.ve\/index.php?rest_route=\/wp\/v2\/users\/24"}],"replies":[{"embeddable":true,"href":"https:\/\/mppee.gob.ve\/index.php?rest_route=%2Fwp%2Fv2%2Fcomments&post=93244"}],"version-history":[{"count":1,"href":"https:\/\/mppee.gob.ve\/index.php?rest_route=\/wp\/v2\/posts\/93244\/revisions"}],"predecessor-version":[{"id":93246,"href":"https:\/\/mppee.gob.ve\/index.php?rest_route=\/wp\/v2\/posts\/93244\/revisions\/93246"}],"wp:featuredmedia":[{"embeddable":true,"href":"https:\/\/mppee.gob.ve\/index.php?rest_route=\/wp\/v2\/media\/93245"}],"wp:attachment":[{"href":"https:\/\/mppee.gob.ve\/index.php?rest_route=%2Fwp%2Fv2%2Fmedia&parent=93244"}],"wp:term":[{"taxonomy":"category","embeddable":true,"href":"https:\/\/mppee.gob.ve\/index.php?rest_route=%2Fwp%2Fv2%2Fcategories&post=93244"},{"taxonomy":"post_tag","embeddable":true,"href":"https:\/\/mppee.gob.ve\/index.php?rest_route=%2Fwp%2Fv2%2Ftags&post=93244"}],"curies":[{"name":"wp","href":"https:\/\/api.w.org\/{rel}","templated":true}]}}