{"id":93248,"date":"2024-12-20T17:42:14","date_gmt":"2024-12-20T17:42:14","guid":{"rendered":"http:\/\/mppee.gob.ve\/?p=93248"},"modified":"2024-12-20T21:50:07","modified_gmt":"2024-12-20T21:50:07","slug":"ministro-pinate-insta-a-consolidar-soluciones-eficientes-para-potenciar-el-sector-electrico","status":"publish","type":"post","link":"https:\/\/mppee.gob.ve\/?p=93248","title":{"rendered":"Ministro Pi\u00f1ate insta a consolidar soluciones eficientes para potenciar el sector el\u00e9ctrico"},"content":{"rendered":"\n<p><strong>Teatro Teresa Carre\u00f1o, Caracas.- <\/strong>En manos de los trabajadores y las trabajadoras del Sistema El\u00e9ctrico Nacional (SEN) est\u00e1 la garant\u00eda del \u201cdesarrollo, de que se mueva el aparato productivo nacional\u201d, raz\u00f3n por la cual es necesario consolidar un modelo de gesti\u00f3n que genere soluciones a los nudos cr\u00edticos que incidan en la prestaci\u00f3n eficiente del servicio de electricidad.<\/p>\n\n\n\n<p>Al respecto, el ministro del Poder Popular para el Proceso Social del Trabajo, Eduardo Pi\u00f1ate, destac\u00f3 el car\u00e1cter estrat\u00e9gico de los Consejos Productivos de Trabajadores y Trabajadoras (CPTT) para construir \u201cun modelo productivo y diversificado\u201d como base material del socialismo bolivariano.<\/p>\n\n\n\n<p>Desde el Teatro Teresa Carre\u00f1o, ubicado en Caracas, subray\u00f3 que esta nueva etapa amerita no solo la expansi\u00f3n de los CPTT, sino la concreci\u00f3n de tareas de orden pol\u00edtico y organizativo bajo esquemas que prioricen la experiencia de quienes hacen vida en el sector el\u00e9ctrico.<\/p>\n\n\n\n<p>\u201cLos CPTT tienen esa tarea fundamental de, en las \u00e1reas de trabajo, dotarlos de un modelo de gesti\u00f3n en el cual los trabajadores y las trabajadoras pongamos todo nuestro saber, todo nuestro conocimiento y experiencia en funci\u00f3n de desarrolla la industria, resolver problemas y nudos cr\u00edticos, adem\u00e1s de orientar, junto con la direcci\u00f3n de Corpoelec y el Ministerio (del Poder Popular para la Energ\u00eda El\u00e9ctrica), pol\u00edticas para el desarrollo\u201d, precis\u00f3 ante m\u00e1s de 250 voceros y voceras congregados en la sala Jos\u00e9 F\u00e9lix Ribas.<\/p>\n\n\n\n<p>Pi\u00f1ate recalc\u00f3 la necesidad de fomentar el impulso de las fuerzas creativas e innovadoras de la clase obrera, precisamente, para definir soluciones oportunas de acuerdo a las demandas del sector el\u00e9ctrico.<\/p>\n\n\n\n<p>\u201cSon ustedes fundamentales para esta tarea: la profundizaci\u00f3n y engrandecimiento de la Patria soberana\u201d, afirm\u00f3.<\/p>\n\n\n\n<p><strong>Prensa MPPEE &#8211; Corpoelec<\/strong><\/p>\n","protected":false},"excerpt":{"rendered":"<p>Teatro Teresa Carre\u00f1o, Caracas.- En manos de los trabajadores y las trabajadoras del Sistema El\u00e9ctrico Nacional (SEN) est\u00e1 la garant\u00eda<\/p>\n","protected":false},"author":24,"featured_media":93255,"comment_status":"closed","ping_status":"closed","sticky":false,"template":"","format":"standard","meta":{"footnotes":""},"categories":[1,15,7],"tags":[2691,2762,2744,2701],"class_list":["post-93248","post","type-post","status-publish","format-standard","has-post-thumbnail","hentry","category-mppee","category-nacionales","category-sen","tag-corpoelec","tag-cptt","tag-sen","tag-trabajadores"],"_links":{"self":[{"href":"https:\/\/mppee.gob.ve\/index.php?rest_route=\/wp\/v2\/posts\/93248","targetHints":{"allow":["GET"]}}],"collection":[{"href":"https:\/\/mppee.gob.ve\/index.php?rest_route=\/wp\/v2\/posts"}],"about":[{"href":"https:\/\/mppee.gob.ve\/index.php?rest_route=\/wp\/v2\/types\/post"}],"author":[{"embeddable":true,"href":"https:\/\/mppee.gob.ve\/index.php?rest_route=\/wp\/v2\/users\/24"}],"replies":[{"embeddable":true,"href":"https:\/\/mppee.gob.ve\/index.php?rest_route=%2Fwp%2Fv2%2Fcomments&post=93248"}],"version-history":[{"count":1,"href":"https:\/\/mppee.gob.ve\/index.php?rest_route=\/wp\/v2\/posts\/93248\/revisions"}],"predecessor-version":[{"id":93249,"href":"https:\/\/mppee.gob.ve\/index.php?rest_route=\/wp\/v2\/posts\/93248\/revisions\/93249"}],"wp:featuredmedia":[{"embeddable":true,"href":"https:\/\/mppee.gob.ve\/index.php?rest_route=\/wp\/v2\/media\/93255"}],"wp:attachment":[{"href":"https:\/\/mppee.gob.ve\/index.php?rest_route=%2Fwp%2Fv2%2Fmedia&parent=93248"}],"wp:term":[{"taxonomy":"category","embeddable":true,"href":"https:\/\/mppee.gob.ve\/index.php?rest_route=%2Fwp%2Fv2%2Fcategories&post=93248"},{"taxonomy":"post_tag","embeddable":true,"href":"https:\/\/mppee.gob.ve\/index.php?rest_route=%2Fwp%2Fv2%2Ftags&post=93248"}],"curies":[{"name":"wp","href":"https:\/\/api.w.org\/{rel}","templated":true}]}}