{"id":93363,"date":"2024-12-27T12:56:53","date_gmt":"2024-12-27T12:56:53","guid":{"rendered":"http:\/\/mppee.gob.ve\/?p=93363"},"modified":"2024-12-27T12:56:53","modified_gmt":"2024-12-27T12:56:53","slug":"usuarios-apurenos-recibiran-jornada-de-atencion-integral-este-28-d","status":"publish","type":"post","link":"https:\/\/mppee.gob.ve\/?p=93363","title":{"rendered":"Usuarios apure\u00f1os recibir\u00e1n jornada de atenci\u00f3n integral este 28-D"},"content":{"rendered":"\n<p><strong>Estado Apure.-<\/strong> La Corporaci\u00f3n El\u00e9ctrica Nacional (Corpoelec) realizar\u00e1 este s\u00e1bado 28 de diciembre Jornadas Integrales de Atenci\u00f3n al Usuario en el estado Apure a fin de brindar a usuarios y usuarias la asesor\u00eda necesaria en tr\u00e1mites relacionados con el servicio el\u00e9ctrico.<\/p>\n\n\n\n<p>El personal especializado ofrecer\u00e1 asistencia para la actualizaci\u00f3n de datos, notificaci\u00f3n de deudas, pago de facturas, recepci\u00f3n de reclamos y orientaci\u00f3n sobre el uso de la Banca en L\u00ednea, en horario comprendido entre las 8:00 AM y 2:00 PM.<\/p>\n\n\n\n<p>A continuaci\u00f3n, conozca donde estar\u00e1n ubicados los stands:<\/p>\n\n\n\n<ul class=\"wp-block-list\">\n<li>Avenida Caracas, antigua Farmacia Gen\u00e9rica, parroquia San Fernando, municipio San Fernando<\/li>\n<\/ul>\n\n\n\n<ul class=\"wp-block-list\">\n<li>Urbanizaci\u00f3n Llano Alto, parroquia Biruaca, municipio Biruaca.<\/li>\n<\/ul>\n\n\n\n<ul class=\"wp-block-list\">\n<li>Calle Bol\u00edvar, parroquia Achaguas, municipio Achaguas.<\/li>\n<\/ul>\n\n\n\n<ul class=\"wp-block-list\">\n<li>Sector Mereyal, parroquia Elorza, municipio R\u00f3mulo Gallegos<\/li>\n<\/ul>\n\n\n\n<ul class=\"wp-block-list\">\n<li>Avenida T\u00e1chira de la poblaci\u00f3n Mantecal, parroquia Mantecal, municipio Mu\u00f1oz.<\/li>\n<\/ul>\n\n\n\n<ul class=\"wp-block-list\">\n<li>Avenida Miranda, parroquia Guasdualito, municipio P\u00e1ez.<\/li>\n<\/ul>\n\n\n\n<ul class=\"wp-block-list\">\n<li>Avenida San Camilo de la poblaci\u00f3n El Nula, parroquia San Camilo, municipio P\u00e1ez.<\/li>\n<\/ul>\n\n\n\n<p>Para obtener m\u00e1s informaci\u00f3n sobre estas Jornadas de Atenci\u00f3n al Usuario, pueden seguir las cuentas @corpoelecinfo en Instagram y Corpoelec Informa en Facebook.<\/p>\n\n\n\n<p><strong>Prensa MPPEE &#8211; Corpoelec<\/strong><\/p>\n","protected":false},"excerpt":{"rendered":"<p>Estado Apure.- La Corporaci\u00f3n El\u00e9ctrica Nacional (Corpoelec) realizar\u00e1 este s\u00e1bado 28 de diciembre Jornadas Integrales de Atenci\u00f3n al Usuario en<\/p>\n","protected":false},"author":24,"featured_media":93364,"comment_status":"closed","ping_status":"closed","sticky":false,"template":"","format":"standard","meta":{"footnotes":""},"categories":[1,30],"tags":[2722,2758,2691,2769],"class_list":["post-93363","post","type-post","status-publish","format-standard","has-post-thumbnail","hentry","category-mppee","category-regionales","tag-apure","tag-atencion","tag-corpoelec","tag-usuario"],"_links":{"self":[{"href":"https:\/\/mppee.gob.ve\/index.php?rest_route=\/wp\/v2\/posts\/93363","targetHints":{"allow":["GET"]}}],"collection":[{"href":"https:\/\/mppee.gob.ve\/index.php?rest_route=\/wp\/v2\/posts"}],"about":[{"href":"https:\/\/mppee.gob.ve\/index.php?rest_route=\/wp\/v2\/types\/post"}],"author":[{"embeddable":true,"href":"https:\/\/mppee.gob.ve\/index.php?rest_route=\/wp\/v2\/users\/24"}],"replies":[{"embeddable":true,"href":"https:\/\/mppee.gob.ve\/index.php?rest_route=%2Fwp%2Fv2%2Fcomments&post=93363"}],"version-history":[{"count":2,"href":"https:\/\/mppee.gob.ve\/index.php?rest_route=\/wp\/v2\/posts\/93363\/revisions"}],"predecessor-version":[{"id":93366,"href":"https:\/\/mppee.gob.ve\/index.php?rest_route=\/wp\/v2\/posts\/93363\/revisions\/93366"}],"wp:featuredmedia":[{"embeddable":true,"href":"https:\/\/mppee.gob.ve\/index.php?rest_route=\/wp\/v2\/media\/93364"}],"wp:attachment":[{"href":"https:\/\/mppee.gob.ve\/index.php?rest_route=%2Fwp%2Fv2%2Fmedia&parent=93363"}],"wp:term":[{"taxonomy":"category","embeddable":true,"href":"https:\/\/mppee.gob.ve\/index.php?rest_route=%2Fwp%2Fv2%2Fcategories&post=93363"},{"taxonomy":"post_tag","embeddable":true,"href":"https:\/\/mppee.gob.ve\/index.php?rest_route=%2Fwp%2Fv2%2Ftags&post=93363"}],"curies":[{"name":"wp","href":"https:\/\/api.w.org\/{rel}","templated":true}]}}