{"id":93394,"date":"2024-12-26T20:22:14","date_gmt":"2024-12-26T20:22:14","guid":{"rendered":"http:\/\/mppee.gob.ve\/?p=93394"},"modified":"2024-12-26T20:22:17","modified_gmt":"2024-12-26T20:22:17","slug":"corpoelec-fortalece-sistema-de-transmision-y-distribucion-en-los-llanos","status":"publish","type":"post","link":"https:\/\/mppee.gob.ve\/?p=93394","title":{"rendered":"Corpoelec fortalece sistema de transmisi\u00f3n y distribuci\u00f3n en Los Llanos"},"content":{"rendered":"\n<p><strong>Estado Cojedes.- <\/strong>El personal t\u00e9cnico de la Corporaci\u00f3n El\u00e9ctrica Nacional (Corpoelec) instal\u00f3 un interruptor de alta tecnolog\u00eda en la subestaci\u00f3n San Carlos 115 Kv, lo que fortalece los sistemas de transmisi\u00f3n y distribuci\u00f3n de energ\u00eda en los estados Cojedes y Barinas.<\/p>\n\n\n\n<p>La activaci\u00f3n de este equipo impacta significativamente sobre la calidad del servicio brindado a m\u00e1s de 40 mil usuarios y usuarias de los municipios cojede\u00f1os Pao de San Juan Bautista y Girardot, as\u00ed como Arismendi del estado Barinas.<\/p>\n\n\n\n<p>Estas labores que fortalecen la infraestructura el\u00e9ctrica tambi\u00e9n incrementan la flexibilidad de la red para los circuitos Pao y Tirado.<\/p>\n\n\n\n<p>De esta manera, el Ministerio del Poder Popular para la Energ\u00eda El\u00e9ctrica (MPPEE) y Corpoelec contin\u00faan trabajando en la optimizaci\u00f3n del Sistema El\u00e9ctrico Nacional (SEN) con acciones que garanticen el desarrollo eficaz de las actividades diarias del sector.<\/p>\n\n\n\n<p><strong>Prensa MPPEE &#8211; Corpoelec<\/strong><\/p>\n","protected":false},"excerpt":{"rendered":"<p>Estado Cojedes.- El personal t\u00e9cnico de la Corporaci\u00f3n El\u00e9ctrica Nacional (Corpoelec) instal\u00f3 un interruptor de alta tecnolog\u00eda en la subestaci\u00f3n<\/p>\n","protected":false},"author":24,"featured_media":93396,"comment_status":"closed","ping_status":"closed","sticky":false,"template":"","format":"standard","meta":{"footnotes":""},"categories":[1,30,7],"tags":[2894,2698,2710,2691,2896,2895],"class_list":["post-93394","post","type-post","status-publish","format-standard","has-post-thumbnail","hentry","category-mppee","category-regionales","category-sen","tag-arismendi","tag-barinas","tag-cojedes","tag-corpoelec","tag-girardot","tag-pao-de-san-juan-bautista"],"_links":{"self":[{"href":"https:\/\/mppee.gob.ve\/index.php?rest_route=\/wp\/v2\/posts\/93394","targetHints":{"allow":["GET"]}}],"collection":[{"href":"https:\/\/mppee.gob.ve\/index.php?rest_route=\/wp\/v2\/posts"}],"about":[{"href":"https:\/\/mppee.gob.ve\/index.php?rest_route=\/wp\/v2\/types\/post"}],"author":[{"embeddable":true,"href":"https:\/\/mppee.gob.ve\/index.php?rest_route=\/wp\/v2\/users\/24"}],"replies":[{"embeddable":true,"href":"https:\/\/mppee.gob.ve\/index.php?rest_route=%2Fwp%2Fv2%2Fcomments&post=93394"}],"version-history":[{"count":1,"href":"https:\/\/mppee.gob.ve\/index.php?rest_route=\/wp\/v2\/posts\/93394\/revisions"}],"predecessor-version":[{"id":93397,"href":"https:\/\/mppee.gob.ve\/index.php?rest_route=\/wp\/v2\/posts\/93394\/revisions\/93397"}],"wp:featuredmedia":[{"embeddable":true,"href":"https:\/\/mppee.gob.ve\/index.php?rest_route=\/wp\/v2\/media\/93396"}],"wp:attachment":[{"href":"https:\/\/mppee.gob.ve\/index.php?rest_route=%2Fwp%2Fv2%2Fmedia&parent=93394"}],"wp:term":[{"taxonomy":"category","embeddable":true,"href":"https:\/\/mppee.gob.ve\/index.php?rest_route=%2Fwp%2Fv2%2Fcategories&post=93394"},{"taxonomy":"post_tag","embeddable":true,"href":"https:\/\/mppee.gob.ve\/index.php?rest_route=%2Fwp%2Fv2%2Ftags&post=93394"}],"curies":[{"name":"wp","href":"https:\/\/api.w.org\/{rel}","templated":true}]}}