{"id":93401,"date":"2024-12-27T14:26:49","date_gmt":"2024-12-27T14:26:49","guid":{"rendered":"http:\/\/mppee.gob.ve\/?p=93401"},"modified":"2024-12-27T14:26:52","modified_gmt":"2024-12-27T14:26:52","slug":"adecuaciones-en-linea-acarigua-i-ospino-115kv-benefician-a-mas-de-64-mil-portuguesenos","status":"publish","type":"post","link":"https:\/\/mppee.gob.ve\/?p=93401","title":{"rendered":"Adecuaciones en l\u00ednea Acarigua I \u2013 Ospino 115kV benefician a m\u00e1s de 64 mil portuguese\u00f1os"},"content":{"rendered":"\n<p><strong>Estado Portuguesa.-\u00a0<\/strong>El personal t\u00e9cnico de la Corporaci\u00f3n El\u00e9ctrica Nacional (Corpoelec) realiz\u00f3 adecuaciones en la salida de la l\u00ednea de transmisi\u00f3n 115kV Acarigua I \u2013 Ospino en aras de optimizar el servicio brindado a m\u00e1s de 64 mil usuarios del estado Portuguesa.<\/p>\n\n\n\n<p>Dentro de las tareas ejecutadas se encuentran la sustituci\u00f3n de conductores, lubricaci\u00f3n de partes m\u00f3viles y ajustes generales, lo que contribuye con el buen funcionamiento de los equipos de potencia y la estabilidad del transporte de energ\u00eda a diferentes sectores de la entidad llanera. <\/p>\n\n\n\n<p><strong>Acondicionamiento de la red de distribuci\u00f3n<\/strong><\/p>\n\n\n\n<p>Asimismo, el personal t\u00e9cnico del Centro de Servicios Acarigua reubic\u00f3 redes en media tensi\u00f3n con el objetivo de distanciar el tendido el\u00e9ctrico de distribuci\u00f3n de la l\u00ednea en 115kV Acarigua I \u2013 Ospino.<\/p>\n\n\n\n<p>Estas labores que contemplaron la divisi\u00f3n de sectores, balance de carga e instalaci\u00f3n de un transformador de 37.5kV, brindan seguridad a 2 mil 962 residentes de las comunidades Divino Ni\u00f1o y Arboleda I, situadas en el municipio Araure.<\/p>\n\n\n\n<p>Corpoelec prosigue en el cumplimiento de las estrategias planificadas desde el Ministerio del Poder Popular para la Energ\u00eda El\u00e9ctrica (MPPEE) para fortalecer el servicio y, al mismo tiempo, brindar mayor confiabilidad a la poblaci\u00f3n portuguese\u00f1a.<\/p>\n\n\n\n<p><strong>Prensa MPPEE &#8211; Corpoelec<\/strong><\/p>\n","protected":false},"excerpt":{"rendered":"<p>Estado Portuguesa.-\u00a0El personal t\u00e9cnico de la Corporaci\u00f3n El\u00e9ctrica Nacional (Corpoelec) realiz\u00f3 adecuaciones en la salida de la l\u00ednea de transmisi\u00f3n<\/p>\n","protected":false},"author":24,"featured_media":93402,"comment_status":"closed","ping_status":"closed","sticky":false,"template":"","format":"standard","meta":{"footnotes":""},"categories":[1,30,7],"tags":[2898,2897,2725],"class_list":["post-93401","post","type-post","status-publish","format-standard","has-post-thumbnail","hentry","category-mppee","category-regionales","category-sen","tag-acarigua","tag-ospino","tag-portuguesa"],"_links":{"self":[{"href":"https:\/\/mppee.gob.ve\/index.php?rest_route=\/wp\/v2\/posts\/93401","targetHints":{"allow":["GET"]}}],"collection":[{"href":"https:\/\/mppee.gob.ve\/index.php?rest_route=\/wp\/v2\/posts"}],"about":[{"href":"https:\/\/mppee.gob.ve\/index.php?rest_route=\/wp\/v2\/types\/post"}],"author":[{"embeddable":true,"href":"https:\/\/mppee.gob.ve\/index.php?rest_route=\/wp\/v2\/users\/24"}],"replies":[{"embeddable":true,"href":"https:\/\/mppee.gob.ve\/index.php?rest_route=%2Fwp%2Fv2%2Fcomments&post=93401"}],"version-history":[{"count":1,"href":"https:\/\/mppee.gob.ve\/index.php?rest_route=\/wp\/v2\/posts\/93401\/revisions"}],"predecessor-version":[{"id":93403,"href":"https:\/\/mppee.gob.ve\/index.php?rest_route=\/wp\/v2\/posts\/93401\/revisions\/93403"}],"wp:featuredmedia":[{"embeddable":true,"href":"https:\/\/mppee.gob.ve\/index.php?rest_route=\/wp\/v2\/media\/93402"}],"wp:attachment":[{"href":"https:\/\/mppee.gob.ve\/index.php?rest_route=%2Fwp%2Fv2%2Fmedia&parent=93401"}],"wp:term":[{"taxonomy":"category","embeddable":true,"href":"https:\/\/mppee.gob.ve\/index.php?rest_route=%2Fwp%2Fv2%2Fcategories&post=93401"},{"taxonomy":"post_tag","embeddable":true,"href":"https:\/\/mppee.gob.ve\/index.php?rest_route=%2Fwp%2Fv2%2Ftags&post=93401"}],"curies":[{"name":"wp","href":"https:\/\/api.w.org\/{rel}","templated":true}]}}