{"id":93421,"date":"2024-12-27T23:42:24","date_gmt":"2024-12-27T23:42:24","guid":{"rendered":"http:\/\/mppee.gob.ve\/?p=93421"},"modified":"2024-12-27T23:42:25","modified_gmt":"2024-12-27T23:42:25","slug":"ministro-destaca-union-de-trabajadores-de-corpoelec-para-superar-desafios-en-2025","status":"publish","type":"post","link":"https:\/\/mppee.gob.ve\/?p=93421","title":{"rendered":"Ministro destaca uni\u00f3n de trabajadores de Corpoelec para superar desaf\u00edos en 2025"},"content":{"rendered":"\n<p><strong>La Fr\u00eda, estado T\u00e1chira.-<\/strong> En reconocimiento al esfuerzo y compromiso permanente, el ministro del Poder Popular para la Energ\u00eda El\u00e9ctrica, Jorge M\u00e1rquez, destac\u00f3 la unidad prevalente que hoy caracteriza a los trabajadores y las trabajadoras de la Corporaci\u00f3n El\u00e9ctrica Nacional (Corpoelec).<\/p>\n\n\n\n<p>Desde la Planta Termoel\u00e9ctrica T\u00e1chira, ubicada en La Fr\u00eda, estado T\u00e1chira, comparti\u00f3, en v\u00edsperas de A\u00f1o Nuevo, con quienes, procedentes de diferentes estados de Venezuela, suman sus capacidades para el impulso del Sistema El\u00e9ctrico Nacional (SEN), forjando, al mismo tiempo, lazos de hermandad y compa\u00f1erismo.<\/p>\n\n\n\n<p>\u201cHan tratado de hacernos pelear entre nosotros, han tratado de hacernos ver como enemigos entre nosotros y no han podido ni podr\u00e1n. La fuerza trabajadora hoy est\u00e1 m\u00e1s unida que nunca. Nosotros lograremos levantar esta empresa y levantando esta empresa levantaremos este hermoso pa\u00eds\u201d, expres\u00f3 M\u00e1rquez.<\/p>\n\n\n\n<p>El tambi\u00e9n vicepresidente de Obras P\u00fablicas y Servicios escuch\u00f3 y atendi\u00f3 cada propuesta expresada c\u00e1ndidamente y con la mejor de las intenciones para continuar la labor de fortalecer el suministro de energ\u00eda para la poblaci\u00f3n venezolano.<\/p>\n\n\n\n<p>\u201cEstamos haciendo un trabajo muy bonito. T\u00e9nganlo seguro, trabajadores de Corpoelec, que es un trabajo muy bonito y que nos va a ayudar a nosotros como organizaci\u00f3n, como empresa y a nuestro pueblo venezolano\u201d, recalc\u00f3.<\/p>\n\n\n\n<p>En el encuentro participaron trabajadores de San Crist\u00f3bal, M\u00e9rida, Barinas, Caracas, La Guaira, Trujillo, Valera, Maracaibo y otras regiones del pa\u00eds.<\/p>\n\n\n\n<p>\u201cLe damos gracias a Dios, por nuestra empresa porque formamos parte de ella y es un icono para nuestro pa\u00eds y queremos dejar nuestra frente en alto aqu\u00ed desde T\u00e1chira desde Planta T\u00e1chira y darle un mensaje a todos nuestros compa\u00f1eros alrededor del pa\u00eds que somos una gran familia, seguimos unidos, seguimos trabajando por un gran prop\u00f3sito que es el Sistema El\u00e9ctrico Nacional\u201d, manifest\u00f3 un trabajador de Planta T\u00e1chira.<\/p>\n\n\n\n<p>Esa cohesi\u00f3n expresada en los trabajadores y las trabajadoras del sector el\u00e9ctrico, constituye una muestra fiel del camino que ha decidido transitar el pueblo venezolano: mantenerse en la primera l\u00ednea de batalla para defender el bienestar.<\/p>\n\n\n\n<p><strong>Prensa MPPEE &#8211; Corpoelec \/ Rosiris Ortega<\/strong>.<\/p>\n","protected":false},"excerpt":{"rendered":"<p>La Fr\u00eda, estado T\u00e1chira.- En reconocimiento al esfuerzo y compromiso permanente, el ministro del Poder Popular para la Energ\u00eda El\u00e9ctrica,<\/p>\n","protected":false},"author":24,"featured_media":93422,"comment_status":"closed","ping_status":"closed","sticky":false,"template":"","format":"standard","meta":{"footnotes":""},"categories":[1,15,7],"tags":[2691,11,2744,2700,46],"class_list":["post-93421","post","type-post","status-publish","format-standard","has-post-thumbnail","hentry","category-mppee","category-nacionales","category-sen","tag-corpoelec","tag-mppee","tag-sen","tag-tachira","tag-venezuela"],"_links":{"self":[{"href":"https:\/\/mppee.gob.ve\/index.php?rest_route=\/wp\/v2\/posts\/93421","targetHints":{"allow":["GET"]}}],"collection":[{"href":"https:\/\/mppee.gob.ve\/index.php?rest_route=\/wp\/v2\/posts"}],"about":[{"href":"https:\/\/mppee.gob.ve\/index.php?rest_route=\/wp\/v2\/types\/post"}],"author":[{"embeddable":true,"href":"https:\/\/mppee.gob.ve\/index.php?rest_route=\/wp\/v2\/users\/24"}],"replies":[{"embeddable":true,"href":"https:\/\/mppee.gob.ve\/index.php?rest_route=%2Fwp%2Fv2%2Fcomments&post=93421"}],"version-history":[{"count":2,"href":"https:\/\/mppee.gob.ve\/index.php?rest_route=\/wp\/v2\/posts\/93421\/revisions"}],"predecessor-version":[{"id":93424,"href":"https:\/\/mppee.gob.ve\/index.php?rest_route=\/wp\/v2\/posts\/93421\/revisions\/93424"}],"wp:featuredmedia":[{"embeddable":true,"href":"https:\/\/mppee.gob.ve\/index.php?rest_route=\/wp\/v2\/media\/93422"}],"wp:attachment":[{"href":"https:\/\/mppee.gob.ve\/index.php?rest_route=%2Fwp%2Fv2%2Fmedia&parent=93421"}],"wp:term":[{"taxonomy":"category","embeddable":true,"href":"https:\/\/mppee.gob.ve\/index.php?rest_route=%2Fwp%2Fv2%2Fcategories&post=93421"},{"taxonomy":"post_tag","embeddable":true,"href":"https:\/\/mppee.gob.ve\/index.php?rest_route=%2Fwp%2Fv2%2Ftags&post=93421"}],"curies":[{"name":"wp","href":"https:\/\/api.w.org\/{rel}","templated":true}]}}