{"id":93456,"date":"2024-12-29T00:30:00","date_gmt":"2024-12-29T00:30:00","guid":{"rendered":"http:\/\/mppee.gob.ve\/?p=93456"},"modified":"2024-12-29T15:30:49","modified_gmt":"2024-12-29T15:30:49","slug":"ejecutan-mantenimiento-preventivo-y-correctivo-en-subestaciones-de-sucre","status":"publish","type":"post","link":"https:\/\/mppee.gob.ve\/?p=93456","title":{"rendered":"Ejecutan mantenimiento preventivo y correctivo en subestaciones de Sucre"},"content":{"rendered":"\n<p><strong>Estado Sucre.- <\/strong>El personal t\u00e9cnico de la Corporaci\u00f3n El\u00e9ctrica Nacional (Corpoelec) realiz\u00f3 mantenimiento preventivo y correctivo en las subestaciones el\u00e9ctricas Cuman\u00e1 II, Cuman\u00e1 III y el corredor de servicio Cuman\u00e1 III &#8211; Manzanares 115 kV, ubicadas en el estado Sucre.<\/p>\n\n\n\n<p>Estas acciones que se enfocan en garantizar la calidad y continuidad del servicio el\u00e9ctrico para m\u00e1s de 100 mil habitantes, comprendieron labores de correcci\u00f3n, limpieza, ajuste de equipos y cambio de elementos el\u00e9ctricos en las instalaciones de la subestaci\u00f3n Cuman\u00e1 II y mantenimiento a transformadores en la subestaci\u00f3n Cuman\u00e1 III, adem\u00e1s de sus circuitos asociados.<\/p>\n\n\n\n<p>Igualmente, se despejaron dos kil\u00f3metros del corredor de servicio de la l\u00ednea de transmisi\u00f3n Cuman\u00e1 III \u2013 Manzanares 115 kV, situada en el sector La Perugina de la avenida Rotaria.<\/p>\n\n\n\n<p>Estos trabajos garantizan la optimizaci\u00f3n del suministro de la energ\u00eda el\u00e9ctrica en las parroquias m\u00e1s grandes de los municipios Sucre, Altagracia, Valent\u00edn Valiente y Santa In\u00e9s, Montes y Cruz Salmer\u00f3n Acosta.<\/p>\n\n\n\n<p>El Ministerio del Poder Popular para la Energ\u00eda El\u00e9ctrica (MPPEE) y Corpoelec contin\u00faan avanzando con dedicaci\u00f3n por el fortalecimiento del Sistema El\u00e9ctrico Nacional (SEN) a favor del pueblo venezolano.<\/p>\n\n\n\n<p><strong>Prensa MPPEE &#8211; Corpoelec<\/strong><\/p>\n\n\n\n<p><\/p>\n","protected":false},"excerpt":{"rendered":"<p>Estado Sucre.- El personal t\u00e9cnico de la Corporaci\u00f3n El\u00e9ctrica Nacional (Corpoelec) realiz\u00f3 mantenimiento preventivo y correctivo en las subestaciones el\u00e9ctricas<\/p>\n","protected":false},"author":24,"featured_media":93457,"comment_status":"closed","ping_status":"closed","sticky":false,"template":"","format":"standard","meta":{"footnotes":""},"categories":[1,30,7],"tags":[2691,2801,2704,2750,2693],"class_list":["post-93456","post","type-post","status-publish","format-standard","has-post-thumbnail","hentry","category-mppee","category-regionales","category-sen","tag-corpoelec","tag-cumana","tag-mantenimiento","tag-subestacion","tag-sucre"],"_links":{"self":[{"href":"https:\/\/mppee.gob.ve\/index.php?rest_route=\/wp\/v2\/posts\/93456","targetHints":{"allow":["GET"]}}],"collection":[{"href":"https:\/\/mppee.gob.ve\/index.php?rest_route=\/wp\/v2\/posts"}],"about":[{"href":"https:\/\/mppee.gob.ve\/index.php?rest_route=\/wp\/v2\/types\/post"}],"author":[{"embeddable":true,"href":"https:\/\/mppee.gob.ve\/index.php?rest_route=\/wp\/v2\/users\/24"}],"replies":[{"embeddable":true,"href":"https:\/\/mppee.gob.ve\/index.php?rest_route=%2Fwp%2Fv2%2Fcomments&post=93456"}],"version-history":[{"count":2,"href":"https:\/\/mppee.gob.ve\/index.php?rest_route=\/wp\/v2\/posts\/93456\/revisions"}],"predecessor-version":[{"id":93468,"href":"https:\/\/mppee.gob.ve\/index.php?rest_route=\/wp\/v2\/posts\/93456\/revisions\/93468"}],"wp:featuredmedia":[{"embeddable":true,"href":"https:\/\/mppee.gob.ve\/index.php?rest_route=\/wp\/v2\/media\/93457"}],"wp:attachment":[{"href":"https:\/\/mppee.gob.ve\/index.php?rest_route=%2Fwp%2Fv2%2Fmedia&parent=93456"}],"wp:term":[{"taxonomy":"category","embeddable":true,"href":"https:\/\/mppee.gob.ve\/index.php?rest_route=%2Fwp%2Fv2%2Fcategories&post=93456"},{"taxonomy":"post_tag","embeddable":true,"href":"https:\/\/mppee.gob.ve\/index.php?rest_route=%2Fwp%2Fv2%2Ftags&post=93456"}],"curies":[{"name":"wp","href":"https:\/\/api.w.org\/{rel}","templated":true}]}}