{"id":93500,"date":"2024-12-31T20:43:16","date_gmt":"2024-12-31T20:43:16","guid":{"rendered":"http:\/\/mppee.gob.ve\/?p=93500"},"modified":"2025-05-26T16:58:29","modified_gmt":"2025-05-26T16:58:29","slug":"corpoelec-avanza-al-2025-con-la-mision-de-consolidar-la-patria","status":"publish","type":"post","link":"https:\/\/mppee.gob.ve\/?p=93500","title":{"rendered":"Corpoelec avanza al 2025 con la misi\u00f3n de consolidar la Patria"},"content":{"rendered":"\n<p><strong>Puerto Cabello, estado Carabobo.- <\/strong>El a\u00f1o 2024 concluye, dejando a su paso una enorme ense\u00f1anza: con trabajo en equipo, todo puede alcanzarse. <\/p>\n\n\n\n<p>Y es que la unidad ha sido capaz de sortear ataques, tambi\u00e9n de enfrentar a enemigos que, vali\u00e9ndose de artima\u00f1as crueles, han pretendido quebrantar el s\u00f3lido v\u00ednculo construido entre trabajadores y trabajadoras de la Corporaci\u00f3n El\u00e9ctrica Nacional (Corpoelec), a la que se uni\u00f3 hace menos de un a\u00f1o Jorge M\u00e1rquez como Ministro del Poder Popular para la Energ\u00eda El\u00e9ctrica, pero, sobre todo, como un compa\u00f1ero m\u00e1s decidido a sumar su esfuerzo para el desarrollo del Sistema El\u00e9ctrico Nacional (SEN). <\/p>\n\n\n\n<p>Ese mensaje que ya extendiera en Guri, Macagua y Caruachi, siguiendo el ejemplo del presidente de la Rep\u00fablica , Nicol\u00e1s Maduro, este 31 de diciembre lo reafirma desde la Planta Termoel\u00e9ctrica del Centro (Planta Centro), ubicada en el estado Carabobo, donde se fundi\u00f3 en un abrazo con quienes se mantienen al pie del ca\u00f1\u00f3n para cubrir la demanda de electricidad que requiere el pueblo venezolano. <\/p>\n\n\n\n<p>A algunos podr\u00e1 extra\u00f1arles, pero en el sector el\u00e9ctrico el trabajo nunca para. M\u00e1rquez subraya que \u00abaqu\u00ed tambi\u00e9n hay trabajadores, compa\u00f1eros y hermanos que est\u00e1n haciendo el trabajo igual que en todas las \u00e1reas de esta hermosa y grande empresa\u00bb con el \u00fanico objetivo de seguir \u00ablevantando y haciendo pa\u00eds\u00bb. <\/p>\n\n\n\n<p>Le da la palabra a un trabajador que lo acompa\u00f1a. Al principio, se muestra apenado, pero su voz suena con firmeza cuando se dirige a sus hermanos: \u00abBendiciones para los que estamos generando y para todos los que est\u00e1n en sus casas para venir a trabajar m\u00e1s tarde (&#8230;) Desde Planta Centro, un feliz a\u00f1o para toda la Corporaci\u00f3n\u00bb. <\/p>\n\n\n\n<p>Es inevitable no mencionar que el a\u00f1o 2025 est\u00e1 a la vuelta de la esquina. Por ello, est\u00e1 oportunidad es m\u00e1s que propicia para expresar sus buenos augurios personales y profesionales con perspectiva de futuro, basados en la prosperidad que saben vendr\u00e1 para los venezolanos. <\/p>\n\n\n\n<p>\u00abEstamos en el pa\u00eds, seguimos ac\u00e1 y vamos hacia un futuro mejor y pr\u00f3spero para seguir generando para la naci\u00f3n\u00bb, puntualiz\u00f3 otro trabajador con el pecho henchido de orgullo por el deber cumplido y las metas claras para continuar creciendo en un territorio que, hoy m\u00e1s que nunca, se vislumbra victorioso.<\/p>\n\n\n\n<p>Abrazados, con sus compa\u00f1eros atentos a cada palabra, M\u00e1rquez reitera \u00abestamos unidos, enlazados por una grande y noble misi\u00f3n como es nuestra Patria\u00bb. <\/p>\n\n\n\n<p>\u00abCuando nosotros hacemos Patria, nadie puede separarnos\u00bb, afirm\u00f3. <\/p>\n\n\n\n<p>No concluye sus palabras, sin antes agradecer a quien ha velado por la protecci\u00f3n, crecimiento y consolidaci\u00f3n del SEN: Nicol\u00e1s Maduro. <\/p>\n\n\n\n<p>\u00abQuiero aprovechar este momento para dar un agradecimiento al presidente Nicol\u00e1s Maduro por todos sus esfuerzos, todo el apoyo que le est\u00e1 dando a la empresa para generar los megavatios que necesitamos para el desarrollo y la prosperidad de nuestro pa\u00eds\u00bb, enfatiz\u00f3. <\/p>\n\n\n\n<p>Todos coinciden en su afirmaci\u00f3n. Contin\u00faan con sus brazos entrelazados, deseando sabidur\u00eda para emprender los desaf\u00edos que depara el futuro, apegados siempre a los valores que definen a los patriotas, a los verdaderos h\u00e9roes de Venezuela.<\/p>\n\n\n\n<p><strong> Prensa MPPEE &#8211; Corpoelec<\/strong><\/p>\n","protected":false},"excerpt":{"rendered":"<p>Puerto Cabello, estado Carabobo.- El a\u00f1o 2024 concluye, dejando a su paso una enorme ense\u00f1anza: con trabajo en equipo, todo<\/p>\n","protected":false},"author":22,"featured_media":93501,"comment_status":"closed","ping_status":"closed","sticky":false,"template":"","format":"standard","meta":{"footnotes":""},"categories":[15,7],"tags":[2691,11,2744,46],"class_list":["post-93500","post","type-post","status-publish","format-standard","has-post-thumbnail","hentry","category-nacionales","category-sen","tag-corpoelec","tag-mppee","tag-sen","tag-venezuela"],"_links":{"self":[{"href":"https:\/\/mppee.gob.ve\/index.php?rest_route=\/wp\/v2\/posts\/93500","targetHints":{"allow":["GET"]}}],"collection":[{"href":"https:\/\/mppee.gob.ve\/index.php?rest_route=\/wp\/v2\/posts"}],"about":[{"href":"https:\/\/mppee.gob.ve\/index.php?rest_route=\/wp\/v2\/types\/post"}],"author":[{"embeddable":true,"href":"https:\/\/mppee.gob.ve\/index.php?rest_route=\/wp\/v2\/users\/22"}],"replies":[{"embeddable":true,"href":"https:\/\/mppee.gob.ve\/index.php?rest_route=%2Fwp%2Fv2%2Fcomments&post=93500"}],"version-history":[{"count":3,"href":"https:\/\/mppee.gob.ve\/index.php?rest_route=\/wp\/v2\/posts\/93500\/revisions"}],"predecessor-version":[{"id":97318,"href":"https:\/\/mppee.gob.ve\/index.php?rest_route=\/wp\/v2\/posts\/93500\/revisions\/97318"}],"wp:featuredmedia":[{"embeddable":true,"href":"https:\/\/mppee.gob.ve\/index.php?rest_route=\/wp\/v2\/media\/93501"}],"wp:attachment":[{"href":"https:\/\/mppee.gob.ve\/index.php?rest_route=%2Fwp%2Fv2%2Fmedia&parent=93500"}],"wp:term":[{"taxonomy":"category","embeddable":true,"href":"https:\/\/mppee.gob.ve\/index.php?rest_route=%2Fwp%2Fv2%2Fcategories&post=93500"},{"taxonomy":"post_tag","embeddable":true,"href":"https:\/\/mppee.gob.ve\/index.php?rest_route=%2Fwp%2Fv2%2Ftags&post=93500"}],"curies":[{"name":"wp","href":"https:\/\/api.w.org\/{rel}","templated":true}]}}