{"id":93513,"date":"2025-01-03T14:37:40","date_gmt":"2025-01-03T14:37:40","guid":{"rendered":"http:\/\/mppee.gob.ve\/?p=93513"},"modified":"2025-01-03T14:37:42","modified_gmt":"2025-01-03T14:37:42","slug":"corpoelec-brindara-atencion-a-usuarios-en-seis-municipios-del-estado-apure","status":"publish","type":"post","link":"https:\/\/mppee.gob.ve\/?p=93513","title":{"rendered":"Corpoelec brindar\u00e1  atenci\u00f3n a usuarios en seis municipios del estado Apure"},"content":{"rendered":"\n<p><strong>Estado Apure.- <\/strong>Este s\u00e1bado 04 de enero la clase trabajadora de la Corporaci\u00f3n El\u00e9ctrica Nacional (Corpoelec) realizar\u00e1 Jornadas Integrales de Atenci\u00f3n al Usuario en en los municipios San Fernando, R\u00f3mulo Gallegos, Biruaca, Achaguas, Mu\u00f1oz y P\u00e1ez del estado Apure.<\/p>\n\n\n\n<p>Los ciudadanos podr\u00e1n recibir orientaci\u00f3n, notificaci\u00f3n de deudas, actualizar datos, pagar facturas y registrar reclamos.<\/p>\n\n\n\n<p>El personal de la Corporaci\u00f3n, laborara en un horario comprendido entre las 8:00 AM y 2:00 PM en las siguientes ubicaciones:<\/p>\n\n\n\n<p>\u00b7 Avenida Caracas, antigua Farmacia Gen\u00e9rica, parroquia San Fernando, municipio San Fernando<\/p>\n\n\n\n<p>\u00b7 Urbanizaci\u00f3n Llano Alto, parroquia Biruaca, municipio Biruaca.<\/p>\n\n\n\n<p>\u00b7 Calle Bol\u00edvar, parroquia Achaguas, municipio Achaguas.<\/p>\n\n\n\n<p>\u00b7 Sector Mereyal, parroquia Elorza, municipio R\u00f3mulo Gallegos<\/p>\n\n\n\n<p>\u00b7 Avenida T\u00e1chira de la poblaci\u00f3n Mantecal, parroquia Mantecal, municipio Mu\u00f1oz.<\/p>\n\n\n\n<p>\u00b7 Avenida Miranda, parroquia Guasdualito, municipio P\u00e1ez.<\/p>\n\n\n\n<p>\u00b7 Avenida San Camilo de la poblaci\u00f3n El Nula, parroquia San Camilo, municipio P\u00e1ez<\/p>\n\n\n\n<p>Para obtener m\u00e1s informaci\u00f3n sobre estas Jornadas de Atenci\u00f3n al Usuario, pueden visitar nuestra rede social en Instagram @corpoelecinfo.<\/p>\n\n\n\n<p><strong>Prensa MPPEE-Corpoelec<\/strong><\/p>\n\n\n\n<p><\/p>\n","protected":false},"excerpt":{"rendered":"<p>Estado Apure.- Este s\u00e1bado 04 de enero la clase trabajadora de la Corporaci\u00f3n El\u00e9ctrica Nacional (Corpoelec) realizar\u00e1 Jornadas Integrales de<\/p>\n","protected":false},"author":22,"featured_media":93364,"comment_status":"closed","ping_status":"closed","sticky":false,"template":"","format":"standard","meta":{"footnotes":""},"categories":[30,7],"tags":[2722,2691,11,2744,46],"class_list":["post-93513","post","type-post","status-publish","format-standard","has-post-thumbnail","hentry","category-regionales","category-sen","tag-apure","tag-corpoelec","tag-mppee","tag-sen","tag-venezuela"],"_links":{"self":[{"href":"https:\/\/mppee.gob.ve\/index.php?rest_route=\/wp\/v2\/posts\/93513","targetHints":{"allow":["GET"]}}],"collection":[{"href":"https:\/\/mppee.gob.ve\/index.php?rest_route=\/wp\/v2\/posts"}],"about":[{"href":"https:\/\/mppee.gob.ve\/index.php?rest_route=\/wp\/v2\/types\/post"}],"author":[{"embeddable":true,"href":"https:\/\/mppee.gob.ve\/index.php?rest_route=\/wp\/v2\/users\/22"}],"replies":[{"embeddable":true,"href":"https:\/\/mppee.gob.ve\/index.php?rest_route=%2Fwp%2Fv2%2Fcomments&post=93513"}],"version-history":[{"count":1,"href":"https:\/\/mppee.gob.ve\/index.php?rest_route=\/wp\/v2\/posts\/93513\/revisions"}],"predecessor-version":[{"id":93514,"href":"https:\/\/mppee.gob.ve\/index.php?rest_route=\/wp\/v2\/posts\/93513\/revisions\/93514"}],"wp:featuredmedia":[{"embeddable":true,"href":"https:\/\/mppee.gob.ve\/index.php?rest_route=\/wp\/v2\/media\/93364"}],"wp:attachment":[{"href":"https:\/\/mppee.gob.ve\/index.php?rest_route=%2Fwp%2Fv2%2Fmedia&parent=93513"}],"wp:term":[{"taxonomy":"category","embeddable":true,"href":"https:\/\/mppee.gob.ve\/index.php?rest_route=%2Fwp%2Fv2%2Fcategories&post=93513"},{"taxonomy":"post_tag","embeddable":true,"href":"https:\/\/mppee.gob.ve\/index.php?rest_route=%2Fwp%2Fv2%2Ftags&post=93513"}],"curies":[{"name":"wp","href":"https:\/\/api.w.org\/{rel}","templated":true}]}}