{"id":93533,"date":"2025-01-04T17:50:23","date_gmt":"2025-01-04T17:50:23","guid":{"rendered":"http:\/\/mppee.gob.ve\/?p=93533"},"modified":"2025-01-04T17:53:26","modified_gmt":"2025-01-04T17:53:26","slug":"ministro-marquez-lidera-reunion-de-trabajo-en-la-central-hidroelectrica-simon-bolivar","status":"publish","type":"post","link":"https:\/\/mppee.gob.ve\/?p=93533","title":{"rendered":"Ministro M\u00e1rquez lidera reuni\u00f3n de trabajo en la Central Hidroel\u00e9ctrica Sim\u00f3n Bol\u00edvar"},"content":{"rendered":"\n<p><strong>Estado Bolivar<\/strong>.- El ministro del Poder Popular para la Energ\u00eda El\u00e9ctrica, Jorge M\u00e1rquez, lidera este s\u00e1bado 4 de enero una reuni\u00f3n con los equipos de trabajo de la Corporaci\u00f3n El\u00e9ctrica Nacional (Corpoelec) a fin de evaluar las estrategias y planes de acci\u00f3n que se desarrollan para potenciar el servicio el\u00e9ctrico.<\/p>\n\n\n\n<p>El encuentro se realiza en las instalaciones de la Central Hidroel\u00e9ctrica Sim\u00f3n Bol\u00edvar, mejor conocida como Guri, localizada en la regi\u00f3n suroriental del pa\u00eds. <\/p>\n\n\n\n<p>En la reuni\u00f3n participan el presidente de Corpoelec, Jos\u00e9 Luis Betancourt, gerentes generales, gerentes de l\u00ednea, trabajadores y miembros de los equipos operativos del SEN. <\/p>\n\n\n\n<p>El presidente de la Rep\u00fablica, Nicol\u00e1s Maduro, ha orientado la articulaci\u00f3n de toda la clase obrera para la ejecuci\u00f3n de maniobras, sin descanso, que conlleven a la optimizaci\u00f3n de los procesos de generaci\u00f3n, transmisi\u00f3n y distribuci\u00f3n de energ\u00eda el\u00e9ctrica, y en ese sentido los trabajadores y trabajadoras ratifican su compromiso para que la luz contin\u00fae brillando en cada rinc\u00f3n de Venezuela.<\/p>\n\n\n\n<p> <strong>Prensa MPPEE-Corpoelec<\/strong><\/p>\n","protected":false},"excerpt":{"rendered":"<p>Estado Bolivar.- El ministro del Poder Popular para la Energ\u00eda El\u00e9ctrica, Jorge M\u00e1rquez, lidera este s\u00e1bado 4 de enero una<\/p>\n","protected":false},"author":22,"featured_media":93534,"comment_status":"closed","ping_status":"closed","sticky":false,"template":"","format":"standard","meta":{"footnotes":""},"categories":[15,7],"tags":[2723,2691,11,2744,46],"class_list":["post-93533","post","type-post","status-publish","format-standard","has-post-thumbnail","hentry","category-nacionales","category-sen","tag-bolivar","tag-corpoelec","tag-mppee","tag-sen","tag-venezuela"],"_links":{"self":[{"href":"https:\/\/mppee.gob.ve\/index.php?rest_route=\/wp\/v2\/posts\/93533","targetHints":{"allow":["GET"]}}],"collection":[{"href":"https:\/\/mppee.gob.ve\/index.php?rest_route=\/wp\/v2\/posts"}],"about":[{"href":"https:\/\/mppee.gob.ve\/index.php?rest_route=\/wp\/v2\/types\/post"}],"author":[{"embeddable":true,"href":"https:\/\/mppee.gob.ve\/index.php?rest_route=\/wp\/v2\/users\/22"}],"replies":[{"embeddable":true,"href":"https:\/\/mppee.gob.ve\/index.php?rest_route=%2Fwp%2Fv2%2Fcomments&post=93533"}],"version-history":[{"count":1,"href":"https:\/\/mppee.gob.ve\/index.php?rest_route=\/wp\/v2\/posts\/93533\/revisions"}],"predecessor-version":[{"id":93535,"href":"https:\/\/mppee.gob.ve\/index.php?rest_route=\/wp\/v2\/posts\/93533\/revisions\/93535"}],"wp:featuredmedia":[{"embeddable":true,"href":"https:\/\/mppee.gob.ve\/index.php?rest_route=\/wp\/v2\/media\/93534"}],"wp:attachment":[{"href":"https:\/\/mppee.gob.ve\/index.php?rest_route=%2Fwp%2Fv2%2Fmedia&parent=93533"}],"wp:term":[{"taxonomy":"category","embeddable":true,"href":"https:\/\/mppee.gob.ve\/index.php?rest_route=%2Fwp%2Fv2%2Fcategories&post=93533"},{"taxonomy":"post_tag","embeddable":true,"href":"https:\/\/mppee.gob.ve\/index.php?rest_route=%2Fwp%2Fv2%2Ftags&post=93533"}],"curies":[{"name":"wp","href":"https:\/\/api.w.org\/{rel}","templated":true}]}}