{"id":93544,"date":"2025-01-06T16:17:28","date_gmt":"2025-01-06T16:17:28","guid":{"rendered":"http:\/\/mppee.gob.ve\/?p=93544"},"modified":"2025-01-06T16:17:31","modified_gmt":"2025-01-06T16:17:31","slug":"cabello-planes-terroristas-de-la-derecha-tienen-como-objetivo-los-servicios-publicos","status":"publish","type":"post","link":"https:\/\/mppee.gob.ve\/?p=93544","title":{"rendered":"Cabello: Planes terroristas de la derecha tienen como objetivo los servicios p\u00fablicos"},"content":{"rendered":"\n<p><strong style=\"null;\/*startDM*\/undefined\/*endDM*\/\">Caracas, Distrito Capital.- <\/strong>El vicepresidente sectorial de Pol\u00edtica, Seguridad Ciudadana y Paz, Diosdado Cabello, subray\u00f3 este lunes que planes terroristas planificados por sectores de la extrema derecha siempre tienen entre sus objetivos a los servicios p\u00fablicos, para generar la inestabilidad pol\u00edtica del pa\u00eds.<\/p>\n\n\n\n<p>\u201cCuando ellos intentan generar violencia no les importa a quien se llevan por delante. Esa violencia planificada siempre conlleva el mismo guion: saboteo a los servicios p\u00fablicos, tomas de distintas instalaciones el\u00e9ctricas, instalaciones petroleras y ataques a a los sistemas de transporte. Han sido capaces de atacar centros de salud, centros, de educaci\u00f3n, sistemas de transporte, el sistema el\u00e9ctrico\u201d, denunci\u00f3. <\/p>\n\n\n\n<p>En este contexto, record\u00f3 el ataque terrorista a la planta gas\u00edfera Muscar, ubicada en el estado Monagas, la cual produjo una fuerte explosi\u00f3n el pasado 10 de noviembre, generando una afectaci\u00f3n a la prestaci\u00f3n del servicio el\u00e9ctrico en la Isla de Margarita. <\/p>\n\n\n\n<p>\u201cRecordemos el ataque a la planta gas\u00edfera Muscar, en Monagas, porque eso tiene un eje transversal que es el Sistema El\u00e9ctrico Nacional y con el da\u00f1o al sistema el\u00e9ctrico se afectan todos los servicios. El estado Nueva Esparta quedo pr\u00e1cticamente sin luz. \u00bfCulpa de quien? Culpa de los grupos terroristas de Mar\u00eda Corina\u201d, enfatiz\u00f3. <\/p>\n\n\n\n<p>El tambi\u00e9n Ministro del Poder Popular para Relaciones Interiores, Justicia y Paz se\u00f1al\u00f3 que Venezuela ha sido objeto de amenazas constantes, pero a pesar de ello el pa\u00eds ha logrado superarlas.<\/p>\n\n\n\n<p> \u201cAyer se instal\u00f3 la Asamblea Nacional en paz y en esa misma sede de la Asamblea Nacional ser\u00e1 juramentado nuestro presidente, Nicol\u00e1s Maduro (\u2026) Hay una realidad: este pueblo quiere paz, quiere tranquilidad. Ellos han anunciado planes, pero estamos seguros que no lo van a conseguir\u201d, asever\u00f3 Cabello. <\/p>\n\n\n\n<p>En rueda de prensa , desde la sede el Ministerio de Relaciones Interiores, Justicia y Paz el ministro Cabello subray\u00f3 que el Gobierno Nacional garantizar\u00e1 la paz de todos los venezolanos y las venezolanas. <\/p>\n\n\n\n<p><strong style=\"null;\/*startDM*\/undefined\/*endDM*\/\">Prensa MPPEE-Corpoelec<\/strong><\/p>\n","protected":false},"excerpt":{"rendered":"<p>Caracas, Distrito Capital.- El vicepresidente sectorial de Pol\u00edtica, Seguridad Ciudadana y Paz, Diosdado Cabello, subray\u00f3 este lunes que planes terroristas<\/p>\n","protected":false},"author":22,"featured_media":93545,"comment_status":"closed","ping_status":"closed","sticky":false,"template":"","format":"standard","meta":{"footnotes":""},"categories":[15,7],"tags":[2691,11,2744,46],"class_list":["post-93544","post","type-post","status-publish","format-standard","has-post-thumbnail","hentry","category-nacionales","category-sen","tag-corpoelec","tag-mppee","tag-sen","tag-venezuela"],"_links":{"self":[{"href":"https:\/\/mppee.gob.ve\/index.php?rest_route=\/wp\/v2\/posts\/93544","targetHints":{"allow":["GET"]}}],"collection":[{"href":"https:\/\/mppee.gob.ve\/index.php?rest_route=\/wp\/v2\/posts"}],"about":[{"href":"https:\/\/mppee.gob.ve\/index.php?rest_route=\/wp\/v2\/types\/post"}],"author":[{"embeddable":true,"href":"https:\/\/mppee.gob.ve\/index.php?rest_route=\/wp\/v2\/users\/22"}],"replies":[{"embeddable":true,"href":"https:\/\/mppee.gob.ve\/index.php?rest_route=%2Fwp%2Fv2%2Fcomments&post=93544"}],"version-history":[{"count":1,"href":"https:\/\/mppee.gob.ve\/index.php?rest_route=\/wp\/v2\/posts\/93544\/revisions"}],"predecessor-version":[{"id":93546,"href":"https:\/\/mppee.gob.ve\/index.php?rest_route=\/wp\/v2\/posts\/93544\/revisions\/93546"}],"wp:featuredmedia":[{"embeddable":true,"href":"https:\/\/mppee.gob.ve\/index.php?rest_route=\/wp\/v2\/media\/93545"}],"wp:attachment":[{"href":"https:\/\/mppee.gob.ve\/index.php?rest_route=%2Fwp%2Fv2%2Fmedia&parent=93544"}],"wp:term":[{"taxonomy":"category","embeddable":true,"href":"https:\/\/mppee.gob.ve\/index.php?rest_route=%2Fwp%2Fv2%2Fcategories&post=93544"},{"taxonomy":"post_tag","embeddable":true,"href":"https:\/\/mppee.gob.ve\/index.php?rest_route=%2Fwp%2Fv2%2Ftags&post=93544"}],"curies":[{"name":"wp","href":"https:\/\/api.w.org\/{rel}","templated":true}]}}