{"id":93596,"date":"2025-01-10T10:00:00","date_gmt":"2025-01-10T10:00:00","guid":{"rendered":"http:\/\/mppee.gob.ve\/?p=93596"},"modified":"2025-01-10T14:58:39","modified_gmt":"2025-01-10T14:58:39","slug":"apurenos-recibiran-atencion-en-jornadas-integrales","status":"publish","type":"post","link":"https:\/\/mppee.gob.ve\/?p=93596","title":{"rendered":"Apure\u00f1os recibir\u00e1n atenci\u00f3n en jornadas integrales"},"content":{"rendered":"\n<p><strong>Estado Apure<\/strong>.- Este s\u00e1bado 11 de enero, trabajadores y trabajadoras de la Corporaci\u00f3n El\u00e9ctrica Nacional (Corpoelec) se desplegar\u00e1n en los seis municipios del estado Apure, a trav\u00e9s de Jornadas Integrales de Atenci\u00f3n al Usuario.<\/p>\n\n\n\n<p>En los stands, los ciudadanos podr\u00e1n recibir notificaci\u00f3n de deuda por consumo el\u00e9ctrico, actualizar datos y conocer las diferentes modalidades de pago en l\u00ednea.<\/p>\n\n\n\n<p>El personal de Corpeolec laborar\u00e1 de 08:00 a.m a 02:00 p.m,  en las siguientes direcciones:<\/p>\n\n\n\n<p>&#8211; Urbanizaci\u00f3n Los Tamarindos, parroquia San Fernando, municipio San Fernando.<\/p>\n\n\n\n<p>&#8211; Urbanizaci\u00f3n Llano Alto, parroquia Biruaca, municipio Biruaca.<\/p>\n\n\n\n<p>&#8211; Urbanizaci\u00f3n El Nazareno calle 2, parroquia Achaguas, municipio Achaguas.<\/p>\n\n\n\n<p>&#8211; Avenida Juan Vicente Torrealba, parroquia Elorza, municipio R\u00f3mulo Gallegos.<\/p>\n\n\n\n<p>&#8211; Avenida Libertador, parroquia Mantecal, municipio Mu\u00f1oz.<\/p>\n\n\n\n<p>&#8211; Plaza Bol\u00edvar, parroquia Guasdualito, municipio P\u00e1ez.- Sector Bol\u00edvar, poblaci\u00f3n El Nula, parroquia San Camilo, municipio P\u00e1ez.<\/p>\n\n\n\n<p>Para mayor informaci\u00f3n sobre las Jornadas Integrales de Atenci\u00f3n al Usuario, pueden visitar la cuenta @corpoelecinfo en la red social Instagram.<\/p>\n\n\n\n<p><strong>Prensa MPPEE-Corpoelec<\/strong><\/p>\n\n\n\n<p><\/p>\n","protected":false},"excerpt":{"rendered":"<p>Estado Apure.- Este s\u00e1bado 11 de enero, trabajadores y trabajadoras de la Corporaci\u00f3n El\u00e9ctrica Nacional (Corpoelec) se desplegar\u00e1n en los<\/p>\n","protected":false},"author":22,"featured_media":93235,"comment_status":"closed","ping_status":"closed","sticky":false,"template":"","format":"standard","meta":{"footnotes":""},"categories":[30,7],"tags":[2722,2691,11,2744,46],"class_list":["post-93596","post","type-post","status-publish","format-standard","has-post-thumbnail","hentry","category-regionales","category-sen","tag-apure","tag-corpoelec","tag-mppee","tag-sen","tag-venezuela"],"_links":{"self":[{"href":"https:\/\/mppee.gob.ve\/index.php?rest_route=\/wp\/v2\/posts\/93596","targetHints":{"allow":["GET"]}}],"collection":[{"href":"https:\/\/mppee.gob.ve\/index.php?rest_route=\/wp\/v2\/posts"}],"about":[{"href":"https:\/\/mppee.gob.ve\/index.php?rest_route=\/wp\/v2\/types\/post"}],"author":[{"embeddable":true,"href":"https:\/\/mppee.gob.ve\/index.php?rest_route=\/wp\/v2\/users\/22"}],"replies":[{"embeddable":true,"href":"https:\/\/mppee.gob.ve\/index.php?rest_route=%2Fwp%2Fv2%2Fcomments&post=93596"}],"version-history":[{"count":2,"href":"https:\/\/mppee.gob.ve\/index.php?rest_route=\/wp\/v2\/posts\/93596\/revisions"}],"predecessor-version":[{"id":93659,"href":"https:\/\/mppee.gob.ve\/index.php?rest_route=\/wp\/v2\/posts\/93596\/revisions\/93659"}],"wp:featuredmedia":[{"embeddable":true,"href":"https:\/\/mppee.gob.ve\/index.php?rest_route=\/wp\/v2\/media\/93235"}],"wp:attachment":[{"href":"https:\/\/mppee.gob.ve\/index.php?rest_route=%2Fwp%2Fv2%2Fmedia&parent=93596"}],"wp:term":[{"taxonomy":"category","embeddable":true,"href":"https:\/\/mppee.gob.ve\/index.php?rest_route=%2Fwp%2Fv2%2Fcategories&post=93596"},{"taxonomy":"post_tag","embeddable":true,"href":"https:\/\/mppee.gob.ve\/index.php?rest_route=%2Fwp%2Fv2%2Ftags&post=93596"}],"curies":[{"name":"wp","href":"https:\/\/api.w.org\/{rel}","templated":true}]}}