{"id":93642,"date":"2025-01-09T21:09:34","date_gmt":"2025-01-09T21:09:34","guid":{"rendered":"http:\/\/mppee.gob.ve\/?p=93642"},"modified":"2025-01-09T21:09:36","modified_gmt":"2025-01-09T21:09:36","slug":"corpoelec-sostiene-reunion-con-promotores-de-mesas-tecnicas-de-energia-en-miranda","status":"publish","type":"post","link":"https:\/\/mppee.gob.ve\/?p=93642","title":{"rendered":"Corpoelec sostiene reuni\u00f3n con promotores de Mesas T\u00e9cnicas de Energ\u00eda en Miranda"},"content":{"rendered":"\n<p><strong>Estado Miranda.-<\/strong> La Corporaci\u00f3n El\u00e9ctrica Nacional (Corpoelec) sostuvo reuni\u00f3n con promotores de Mesas T\u00e9cnicas de Energ\u00eda, adscritos a la Fundaci\u00f3n para el Desarrollo del Servicio El\u00e9ctrico (Fundelec), para garantizar la participaci\u00f3n protag\u00f3nica y activa del Poder Popular en proyectos de electrificaci\u00f3n en el estado Miranda.<\/p>\n\n\n\n<p>El encuentro realizado en el edificio sede administrativa de los Valles del Tuy, estuvo enfocado en el avance del Plan Operativo Anual (POA) 2025 que realiza la Corporaci\u00f3n en pro de dinamizar y promover las funciones en las comunidades, entre ellas, la capacitaci\u00f3n t\u00e9cnica de electricidad, uso eficiente de la energ\u00eda, diagn\u00f3stico participativo de los servicios de electricidad, elaboraci\u00f3n de plan de acci\u00f3n energ\u00e9tico, organizaci\u00f3n de proyectos comunitarios de servicios p\u00fablicos y otros.<\/p>\n\n\n\n<p>Articular estas acciones con los Consejos Comunales permite la ampliaci\u00f3n, mejoramiento, defensa y sostenibilidad de los servicios p\u00fablicos convencionales y alternativos de electricidad.<\/p>\n\n\n\n<p>Los trabajadores y trabajadoras de Corpoelec junto a Fundelec se despliega en articulaci\u00f3n con el Poder Popular, para garantizar la continuidad y amplitud del servicio el\u00e9ctrico en todo el estado Miranda.<\/p>\n\n\n\n<p><strong>Prensa MPPEE-Corpoelec<\/strong><\/p>\n","protected":false},"excerpt":{"rendered":"<p>Estado Miranda.- La Corporaci\u00f3n El\u00e9ctrica Nacional (Corpoelec) sostuvo reuni\u00f3n con promotores de Mesas T\u00e9cnicas de Energ\u00eda, adscritos a la Fundaci\u00f3n<\/p>\n","protected":false},"author":24,"featured_media":93644,"comment_status":"closed","ping_status":"closed","sticky":false,"template":"","format":"standard","meta":{"footnotes":""},"categories":[1,30,7],"tags":[2691,2709,11,2744,46],"class_list":["post-93642","post","type-post","status-publish","format-standard","has-post-thumbnail","hentry","category-mppee","category-regionales","category-sen","tag-corpoelec","tag-miranda","tag-mppee","tag-sen","tag-venezuela"],"_links":{"self":[{"href":"https:\/\/mppee.gob.ve\/index.php?rest_route=\/wp\/v2\/posts\/93642","targetHints":{"allow":["GET"]}}],"collection":[{"href":"https:\/\/mppee.gob.ve\/index.php?rest_route=\/wp\/v2\/posts"}],"about":[{"href":"https:\/\/mppee.gob.ve\/index.php?rest_route=\/wp\/v2\/types\/post"}],"author":[{"embeddable":true,"href":"https:\/\/mppee.gob.ve\/index.php?rest_route=\/wp\/v2\/users\/24"}],"replies":[{"embeddable":true,"href":"https:\/\/mppee.gob.ve\/index.php?rest_route=%2Fwp%2Fv2%2Fcomments&post=93642"}],"version-history":[{"count":1,"href":"https:\/\/mppee.gob.ve\/index.php?rest_route=\/wp\/v2\/posts\/93642\/revisions"}],"predecessor-version":[{"id":93645,"href":"https:\/\/mppee.gob.ve\/index.php?rest_route=\/wp\/v2\/posts\/93642\/revisions\/93645"}],"wp:featuredmedia":[{"embeddable":true,"href":"https:\/\/mppee.gob.ve\/index.php?rest_route=\/wp\/v2\/media\/93644"}],"wp:attachment":[{"href":"https:\/\/mppee.gob.ve\/index.php?rest_route=%2Fwp%2Fv2%2Fmedia&parent=93642"}],"wp:term":[{"taxonomy":"category","embeddable":true,"href":"https:\/\/mppee.gob.ve\/index.php?rest_route=%2Fwp%2Fv2%2Fcategories&post=93642"},{"taxonomy":"post_tag","embeddable":true,"href":"https:\/\/mppee.gob.ve\/index.php?rest_route=%2Fwp%2Fv2%2Ftags&post=93642"}],"curies":[{"name":"wp","href":"https:\/\/api.w.org\/{rel}","templated":true}]}}