{"id":93673,"date":"2025-01-11T17:38:49","date_gmt":"2025-01-11T17:38:49","guid":{"rendered":"http:\/\/mppee.gob.ve\/?p=93673"},"modified":"2025-01-11T18:08:51","modified_gmt":"2025-01-11T18:08:51","slug":"ministro-marquez-supervisa-operatividad-de-subestacion-san-geronimo-b-en-guarico","status":"publish","type":"post","link":"https:\/\/mppee.gob.ve\/?p=93673","title":{"rendered":"Ministro M\u00e1rquez supervisa operatividad de subestaci\u00f3n \u201cSan Ger\u00f3nimo B\u201d en Gu\u00e1rico"},"content":{"rendered":"\n<p><strong>Valle de la Pascua, estado Gu\u00e1rico.- <\/strong>El ministro del Poder Popular para la Energ\u00eda El\u00e9ctrica, Jorge M\u00e1rquez, recorre este s\u00e1bado las instalaciones de la subestaci\u00f3n \u201cSan Ger\u00f3nimo B\u201d de 765 kV, ubicada en Valle de la Pascua, estado Gu\u00e1rico, como parte del Plan Nacional de Inspecciones y Mantenimiento Integral del SEN que impulsa el Gobierno Bolivariano. <\/p>\n\n\n\n<p>Durante su visita, el tambi\u00e9n Vicepresidente Sectorial de Obras P\u00fablicas y Servicios, se re\u00fane con la fuerza trabajadora que hace vida en estas instalaciones. <\/p>\n\n\n\n<p>La subestaci\u00f3n San Ger\u00f3nimo es una de la m\u00e1s importantes del Sistema El\u00e9ctrico Nacional (SEN), dada su posici\u00f3n estrat\u00e9gica y el tendido el\u00e9ctrico que la conecta con la estaci\u00f3n la Horqueta (Aragua) extendi\u00e9ndose hasta Santa Teresa del Tuy (Miranda). <\/p>\n\n\n\n<p>El presidente de la Rep\u00fablica, Nicol\u00e1s Maduro, ha orientado realizar mejoras sustanciales en la prestaci\u00f3n de los servicios p\u00fablicos, al tiempo que orden\u00f3 incrementar los planes de protecci\u00f3n del Sistema El\u00e9ctrico Nacional. <\/p>\n\n\n\n<p>En cumplimiento de esta instrucci\u00f3n, el Ministerio del Poder Popular para la Energ\u00eda El\u00e9ctrica y la Corporaci\u00f3n El\u00e9ctrica Nacional (Corpoelec) trabajan de la mano para robustecer los procesos de generaci\u00f3n, transmisi\u00f3n y distribuci\u00f3n del servicio y brindar al pueblo venezolano la mayor suma de bienestar. <\/p>\n\n\n\n<p><strong>Prensa MPPEE-Corpoelec<\/strong><\/p>\n","protected":false},"excerpt":{"rendered":"<p>Valle de la Pascua, estado Gu\u00e1rico.- El ministro del Poder Popular para la Energ\u00eda El\u00e9ctrica, Jorge M\u00e1rquez, recorre este s\u00e1bado<\/p>\n","protected":false},"author":22,"featured_media":93692,"comment_status":"closed","ping_status":"closed","sticky":false,"template":"","format":"standard","meta":{"footnotes":""},"categories":[15,7],"tags":[2691,2729,11,2744,46],"class_list":["post-93673","post","type-post","status-publish","format-standard","has-post-thumbnail","hentry","category-nacionales","category-sen","tag-corpoelec","tag-guarico","tag-mppee","tag-sen","tag-venezuela"],"_links":{"self":[{"href":"https:\/\/mppee.gob.ve\/index.php?rest_route=\/wp\/v2\/posts\/93673","targetHints":{"allow":["GET"]}}],"collection":[{"href":"https:\/\/mppee.gob.ve\/index.php?rest_route=\/wp\/v2\/posts"}],"about":[{"href":"https:\/\/mppee.gob.ve\/index.php?rest_route=\/wp\/v2\/types\/post"}],"author":[{"embeddable":true,"href":"https:\/\/mppee.gob.ve\/index.php?rest_route=\/wp\/v2\/users\/22"}],"replies":[{"embeddable":true,"href":"https:\/\/mppee.gob.ve\/index.php?rest_route=%2Fwp%2Fv2%2Fcomments&post=93673"}],"version-history":[{"count":1,"href":"https:\/\/mppee.gob.ve\/index.php?rest_route=\/wp\/v2\/posts\/93673\/revisions"}],"predecessor-version":[{"id":93691,"href":"https:\/\/mppee.gob.ve\/index.php?rest_route=\/wp\/v2\/posts\/93673\/revisions\/93691"}],"wp:featuredmedia":[{"embeddable":true,"href":"https:\/\/mppee.gob.ve\/index.php?rest_route=\/wp\/v2\/media\/93692"}],"wp:attachment":[{"href":"https:\/\/mppee.gob.ve\/index.php?rest_route=%2Fwp%2Fv2%2Fmedia&parent=93673"}],"wp:term":[{"taxonomy":"category","embeddable":true,"href":"https:\/\/mppee.gob.ve\/index.php?rest_route=%2Fwp%2Fv2%2Fcategories&post=93673"},{"taxonomy":"post_tag","embeddable":true,"href":"https:\/\/mppee.gob.ve\/index.php?rest_route=%2Fwp%2Fv2%2Ftags&post=93673"}],"curies":[{"name":"wp","href":"https:\/\/api.w.org\/{rel}","templated":true}]}}