{"id":93693,"date":"2025-01-11T21:56:56","date_gmt":"2025-01-11T21:56:56","guid":{"rendered":"http:\/\/mppee.gob.ve\/?p=93693"},"modified":"2025-01-11T21:56:58","modified_gmt":"2025-01-11T21:56:58","slug":"avanzan-mejoras-en-plantas-termoelectricas-del-centro-occidente-del-pais","status":"publish","type":"post","link":"https:\/\/mppee.gob.ve\/?p=93693","title":{"rendered":"Avanzan mejoras en plantas termoel\u00e9ctricas del centro-occidente del pa\u00eds"},"content":{"rendered":"\n<p><strong>Estado Carabobo.-<\/strong> Como parte del plan de inspecciones a toda la infraestructura del Sistema El\u00e9ctrico Nacional, el ministro del Poder Popular para la Energ\u00eda El\u00e9ctrica, Jorge M\u00e1rquez, supervis\u00f3 este s\u00e1bado las labores que se ejecutan en la Central Termoel\u00e9ctrica Planta Centro. En esta infraestructura el\u00e9ctrica, ubicada en Puerto Cabello, estado Carabobo, M\u00e1rquez hizo una revisi\u00f3n de los procesos con miras a elevar la eficiencia en la generaci\u00f3n termoel\u00e9ctrica.<\/p>\n\n\n\n<p>En su recorrido por la entidad, el titular de la cartera de energ\u00eda el\u00e9ctrica tambi\u00e9n visit\u00f3 los espacios del Centro Nacional de Despacho de la Corporaci\u00f3n El\u00e9ctrica Nacional (Corpoelec), ubicado en Valencia. <\/p>\n\n\n\n<p>El tambi\u00e9n Vicepresidente Sectorial de Obras P\u00fablicas y Servicios, posteriormente recorri\u00f3 las \u00e1reas operativas de la Planta de Generaci\u00f3n Termoel\u00e9ctrica \u201cJosefa Camejo\u201d, ubicada el estado Falc\u00f3n, donde constat\u00f3 los avances de las mejoras que permitir\u00e1n garantizar un servicio \u00f3ptimo.<\/p>\n\n\n\n<p>En cada espacio visitado, el ministro M\u00e1rquez convers\u00f3 con los trabajadores y trabajadoras que d\u00eda a d\u00eda ponen su talento y profesionalismo para llevar energ\u00eda el\u00e9ctrica a todo el territorio nacional. <\/p>\n\n\n\n<p>Estas inspecciones permanentes forman parte de la acci\u00f3n de revisi\u00f3n, profunda y planificada, instruida por el presidente de la Rep\u00fablica Nicol\u00e1s Maduro, y que cumple a cabalidad el ministro M\u00e1rquez. <\/p>\n\n\n\n<p><strong>Prensa MPPEE-Corpoelec<\/strong><\/p>\n\n\n\n<p><\/p>\n","protected":false},"excerpt":{"rendered":"<p>Estado Carabobo.- Como parte del plan de inspecciones a toda la infraestructura del Sistema El\u00e9ctrico Nacional, el ministro del Poder<\/p>\n","protected":false},"author":22,"featured_media":93694,"comment_status":"closed","ping_status":"closed","sticky":false,"template":"","format":"standard","meta":{"footnotes":""},"categories":[15,7],"tags":[2692,2691,2695,11,2744,46],"class_list":["post-93693","post","type-post","status-publish","format-standard","has-post-thumbnail","hentry","category-nacionales","category-sen","tag-carabobo","tag-corpoelec","tag-falcon","tag-mppee","tag-sen","tag-venezuela"],"_links":{"self":[{"href":"https:\/\/mppee.gob.ve\/index.php?rest_route=\/wp\/v2\/posts\/93693","targetHints":{"allow":["GET"]}}],"collection":[{"href":"https:\/\/mppee.gob.ve\/index.php?rest_route=\/wp\/v2\/posts"}],"about":[{"href":"https:\/\/mppee.gob.ve\/index.php?rest_route=\/wp\/v2\/types\/post"}],"author":[{"embeddable":true,"href":"https:\/\/mppee.gob.ve\/index.php?rest_route=\/wp\/v2\/users\/22"}],"replies":[{"embeddable":true,"href":"https:\/\/mppee.gob.ve\/index.php?rest_route=%2Fwp%2Fv2%2Fcomments&post=93693"}],"version-history":[{"count":1,"href":"https:\/\/mppee.gob.ve\/index.php?rest_route=\/wp\/v2\/posts\/93693\/revisions"}],"predecessor-version":[{"id":93695,"href":"https:\/\/mppee.gob.ve\/index.php?rest_route=\/wp\/v2\/posts\/93693\/revisions\/93695"}],"wp:featuredmedia":[{"embeddable":true,"href":"https:\/\/mppee.gob.ve\/index.php?rest_route=\/wp\/v2\/media\/93694"}],"wp:attachment":[{"href":"https:\/\/mppee.gob.ve\/index.php?rest_route=%2Fwp%2Fv2%2Fmedia&parent=93693"}],"wp:term":[{"taxonomy":"category","embeddable":true,"href":"https:\/\/mppee.gob.ve\/index.php?rest_route=%2Fwp%2Fv2%2Fcategories&post=93693"},{"taxonomy":"post_tag","embeddable":true,"href":"https:\/\/mppee.gob.ve\/index.php?rest_route=%2Fwp%2Fv2%2Ftags&post=93693"}],"curies":[{"name":"wp","href":"https:\/\/api.w.org\/{rel}","templated":true}]}}