{"id":93726,"date":"2025-01-14T13:50:00","date_gmt":"2025-01-14T13:50:00","guid":{"rendered":"http:\/\/mppee.gob.ve\/?p=93726"},"modified":"2025-01-14T13:50:03","modified_gmt":"2025-01-14T13:50:03","slug":"corpoelec-instalo-mas-de-600-luminarias-solares-en-los-municipios-atures-y-autana","status":"publish","type":"post","link":"https:\/\/mppee.gob.ve\/?p=93726","title":{"rendered":"Corpoelec instal\u00f3 m\u00e1s de 600 luminarias solares en los municipios Atures y Autana"},"content":{"rendered":"\n<p><strong>Estado Amazonas.-<\/strong> En aras de contribuir con la optimizaci\u00f3n del alumbrado p\u00fablico en el estado Amazonas, la Corporaci\u00f3n El\u00e9ctrica Nacional (Corpoelec) instal\u00f3 m\u00e1s de 600 luminarias solares de 150 W y 200 W en los municipios Atures y Autana.<\/p>\n\n\n\n<p>Gracias a las solicitudes generadas por los usuarios en la plataforma digital de la VenApp, a trav\u00e9s del Sistema 1&#215;10 del Buen Gobierno, la estatal el\u00e9ctrica fortaleci\u00f3 el alumbrado p\u00fablico de 41 comunidades de los pueblos originarios de la Amazon\u00eda venezolana.<\/p>\n\n\n\n<p>En este sentido, fueron colocados 337 reflectores solares en el municipio Autana y 345 en el municipio Atures, lo que suma 682 l\u00e1mparas solares instaladas.<\/p>\n\n\n\n<p>Durante el despliegue e instalaci\u00f3n de estos equipos de iluminaci\u00f3n fotovoltaicas, Corpoelec cont\u00f3 con el apoyo del personal de la Fundaci\u00f3n para el Desarrollo del Servicio El\u00e9ctrico (Fundelec) y del Poder Popular organizado de estas zonas de dif\u00edcil acceso terrestre y fluvial.<\/p>\n\n\n\n<p>Con esta tecnolog\u00eda ecol\u00f3gica y autosustentable, la estatal el\u00e9ctrica contribuye con la eficiencia energ\u00e9tica y la conservaci\u00f3n del medio ambiente, al tiempo que garantiza espacios seguros y modernos en los lugares m\u00e1s rec\u00f3nditos del sur del pa\u00eds.<\/p>\n\n\n\n<p><strong>Prensa MPPEE &#8211; Corpoelec<\/strong><\/p>\n","protected":false},"excerpt":{"rendered":"<p>Estado Amazonas.- En aras de contribuir con la optimizaci\u00f3n del alumbrado p\u00fablico en el estado Amazonas, la Corporaci\u00f3n El\u00e9ctrica Nacional<\/p>\n","protected":false},"author":24,"featured_media":93727,"comment_status":"closed","ping_status":"closed","sticky":false,"template":"","format":"standard","meta":{"footnotes":""},"categories":[1,30,7,8],"tags":[2771,2740,2911,2912,2913,2691,2914,2868],"class_list":["post-93726","post","type-post","status-publish","format-standard","has-post-thumbnail","hentry","category-mppee","category-regionales","category-sen","category-uso-eficiente-de-la-energia","tag-alumbrado-publico","tag-amazonas","tag-atures","tag-autana","tag-buen-gobierno","tag-corpoelec","tag-fundelec","tag-venapp"],"_links":{"self":[{"href":"https:\/\/mppee.gob.ve\/index.php?rest_route=\/wp\/v2\/posts\/93726","targetHints":{"allow":["GET"]}}],"collection":[{"href":"https:\/\/mppee.gob.ve\/index.php?rest_route=\/wp\/v2\/posts"}],"about":[{"href":"https:\/\/mppee.gob.ve\/index.php?rest_route=\/wp\/v2\/types\/post"}],"author":[{"embeddable":true,"href":"https:\/\/mppee.gob.ve\/index.php?rest_route=\/wp\/v2\/users\/24"}],"replies":[{"embeddable":true,"href":"https:\/\/mppee.gob.ve\/index.php?rest_route=%2Fwp%2Fv2%2Fcomments&post=93726"}],"version-history":[{"count":1,"href":"https:\/\/mppee.gob.ve\/index.php?rest_route=\/wp\/v2\/posts\/93726\/revisions"}],"predecessor-version":[{"id":93728,"href":"https:\/\/mppee.gob.ve\/index.php?rest_route=\/wp\/v2\/posts\/93726\/revisions\/93728"}],"wp:featuredmedia":[{"embeddable":true,"href":"https:\/\/mppee.gob.ve\/index.php?rest_route=\/wp\/v2\/media\/93727"}],"wp:attachment":[{"href":"https:\/\/mppee.gob.ve\/index.php?rest_route=%2Fwp%2Fv2%2Fmedia&parent=93726"}],"wp:term":[{"taxonomy":"category","embeddable":true,"href":"https:\/\/mppee.gob.ve\/index.php?rest_route=%2Fwp%2Fv2%2Fcategories&post=93726"},{"taxonomy":"post_tag","embeddable":true,"href":"https:\/\/mppee.gob.ve\/index.php?rest_route=%2Fwp%2Fv2%2Ftags&post=93726"}],"curies":[{"name":"wp","href":"https:\/\/api.w.org\/{rel}","templated":true}]}}