{"id":93731,"date":"2025-01-14T15:56:18","date_gmt":"2025-01-14T15:56:18","guid":{"rendered":"http:\/\/mppee.gob.ve\/?p=93731"},"modified":"2025-01-14T15:56:20","modified_gmt":"2025-01-14T15:56:20","slug":"usuarios-residenciales-de-caroni-recibiran-atencion-integral-en-operativos-especiales","status":"publish","type":"post","link":"https:\/\/mppee.gob.ve\/?p=93731","title":{"rendered":"Usuarios residenciales de Caron\u00ed recibir\u00e1n atenci\u00f3n integral en operativos especiales"},"content":{"rendered":"\n<p><strong>Estado Bol\u00edvar.-<\/strong> Del15 al 17 de enero, el personal de la Corporaci\u00f3n El\u00e9ctrica Nacional (Corpoelec) estar\u00e1 desplegado en Jornadas Integrales de Atenci\u00f3n al Usuario en la urbanizaci\u00f3n Loma Linda de la parroquia Unare, municipio Caron\u00ed, estado Bol\u00edvar.<\/p>\n\n\n\n<p>El prop\u00f3sito del operativo es brindar atenci\u00f3n personalizada desde la comodidad residencial de los usuarios del urbanismo, as\u00ed como ofrecer asesor\u00eda en diversos temas y facilitar los medios para el pago del servicio el\u00e9ctrico.<\/p>\n\n\n\n<p>Los agentes comerciales de Corpoelec brindar\u00e1n asistencia a los usuarios residenciales desde las 8:00 de la ma\u00f1ana hasta la 1:00 de la tarde, donde podr\u00e1n realizar actualizaci\u00f3n de datos, notificaci\u00f3n de deudas, pago de facturas, recepci\u00f3n de reclamos, entre otros.<\/p>\n\n\n\n<p>Tambi\u00e9n ofrecer\u00e1n orientaci\u00f3n sobre el uso de la Banca en L\u00ednea y todo lo relacionado con la plataforma digital, para realizar los pagos oportunos del servicio de energ\u00eda.<\/p>\n\n\n\n<p>Para obtener m\u00e1s informaci\u00f3n sobre estas Jornadas Integrales de Atenci\u00f3n al Usuario, los interesados pueden seguir la cuenta @corpoelecinfo en Instagram.<\/p>\n\n\n\n<p><strong>Prensa MPPEE &#8211; Corpoelec<\/strong><\/p>\n","protected":false},"excerpt":{"rendered":"<p>Estado Bol\u00edvar.- Del15 al 17 de enero, el personal de la Corporaci\u00f3n El\u00e9ctrica Nacional (Corpoelec) estar\u00e1 desplegado en Jornadas Integrales<\/p>\n","protected":false},"author":24,"featured_media":93735,"comment_status":"closed","ping_status":"closed","sticky":false,"template":"","format":"standard","meta":{"footnotes":""},"categories":[1,30,7],"tags":[2723,2916,2915],"class_list":["post-93731","post","type-post","status-publish","format-standard","has-post-thumbnail","hentry","category-mppee","category-regionales","category-sen","tag-bolivar","tag-caroni","tag-loma-linda"],"_links":{"self":[{"href":"https:\/\/mppee.gob.ve\/index.php?rest_route=\/wp\/v2\/posts\/93731","targetHints":{"allow":["GET"]}}],"collection":[{"href":"https:\/\/mppee.gob.ve\/index.php?rest_route=\/wp\/v2\/posts"}],"about":[{"href":"https:\/\/mppee.gob.ve\/index.php?rest_route=\/wp\/v2\/types\/post"}],"author":[{"embeddable":true,"href":"https:\/\/mppee.gob.ve\/index.php?rest_route=\/wp\/v2\/users\/24"}],"replies":[{"embeddable":true,"href":"https:\/\/mppee.gob.ve\/index.php?rest_route=%2Fwp%2Fv2%2Fcomments&post=93731"}],"version-history":[{"count":1,"href":"https:\/\/mppee.gob.ve\/index.php?rest_route=\/wp\/v2\/posts\/93731\/revisions"}],"predecessor-version":[{"id":93739,"href":"https:\/\/mppee.gob.ve\/index.php?rest_route=\/wp\/v2\/posts\/93731\/revisions\/93739"}],"wp:featuredmedia":[{"embeddable":true,"href":"https:\/\/mppee.gob.ve\/index.php?rest_route=\/wp\/v2\/media\/93735"}],"wp:attachment":[{"href":"https:\/\/mppee.gob.ve\/index.php?rest_route=%2Fwp%2Fv2%2Fmedia&parent=93731"}],"wp:term":[{"taxonomy":"category","embeddable":true,"href":"https:\/\/mppee.gob.ve\/index.php?rest_route=%2Fwp%2Fv2%2Fcategories&post=93731"},{"taxonomy":"post_tag","embeddable":true,"href":"https:\/\/mppee.gob.ve\/index.php?rest_route=%2Fwp%2Fv2%2Ftags&post=93731"}],"curies":[{"name":"wp","href":"https:\/\/api.w.org\/{rel}","templated":true}]}}