{"id":93746,"date":"2025-01-14T20:26:43","date_gmt":"2025-01-14T20:26:43","guid":{"rendered":"http:\/\/mppee.gob.ve\/?p=93746"},"modified":"2025-01-14T20:26:46","modified_gmt":"2025-01-14T20:26:46","slug":"corpoelec-activa-jornadas-de-atencion-a-usuarios-residenciales-en-coro","status":"publish","type":"post","link":"https:\/\/mppee.gob.ve\/?p=93746","title":{"rendered":"Corpoelec activa jornadas de atenci\u00f3n a usuarios residenciales en Coro"},"content":{"rendered":"\n<p><strong>Estado Falc\u00f3n.-<\/strong> A trav\u00e9s de asesor\u00eda e informaci\u00f3n relacionada con el pago puntual del servicio de electricidad, el personal de la Corporaci\u00f3n El\u00e9ctrica Nacional (Corpoelec) realizar\u00e1 una Jornada Integral de Atenci\u00f3n al Usuario en las parroquias San Antonio y San Gabriel, ubicadas en el municipio Miranda.<\/p>\n\n\n\n<p>El despliegue se desarrollar\u00e1 el mi\u00e9rcoles 15 y viernes 18 de enero a partir de las 8:00 de la ma\u00f1ana. Adem\u00e1s, incluir\u00e1 una jornada de visitas personalizadas para brindar informaci\u00f3n sobre el acceso a sus estados de cuenta y actualizaci\u00f3n de datos.<\/p>\n\n\n\n<p>Por otro lado, estar\u00e1 habilitado el Centro Integral de Atenci\u00f3n al Usuario (CIAU) de la sede administrativa de Corpoelec Falc\u00f3n, situado en la prolongaci\u00f3n Manaure, con callej\u00f3n Cadafe.<\/p>\n\n\n\n<p>El medio de pago autorizado ser\u00e1 punto de venta.<\/p>\n\n\n\n<p>Para mayor informaci\u00f3n sobre las Jornadas Integrales de Atenci\u00f3n al Usuario, puede visitar nuestras oficinas y la cuenta @corpoelecinfo en la red social Instagram.<\/p>\n\n\n\n<p><strong>Prensa MPPEE &#8211; Corpoelec<\/strong><\/p>\n","protected":false},"excerpt":{"rendered":"<p>Estado Falc\u00f3n.- A trav\u00e9s de asesor\u00eda e informaci\u00f3n relacionada con el pago puntual del servicio de electricidad, el personal de<\/p>\n","protected":false},"author":24,"featured_media":93747,"comment_status":"closed","ping_status":"closed","sticky":false,"template":"","format":"standard","meta":{"footnotes":""},"categories":[1,30,7],"tags":[2917,2691,2695,2709],"class_list":["post-93746","post","type-post","status-publish","format-standard","has-post-thumbnail","hentry","category-mppee","category-regionales","category-sen","tag-coro","tag-corpoelec","tag-falcon","tag-miranda"],"_links":{"self":[{"href":"https:\/\/mppee.gob.ve\/index.php?rest_route=\/wp\/v2\/posts\/93746","targetHints":{"allow":["GET"]}}],"collection":[{"href":"https:\/\/mppee.gob.ve\/index.php?rest_route=\/wp\/v2\/posts"}],"about":[{"href":"https:\/\/mppee.gob.ve\/index.php?rest_route=\/wp\/v2\/types\/post"}],"author":[{"embeddable":true,"href":"https:\/\/mppee.gob.ve\/index.php?rest_route=\/wp\/v2\/users\/24"}],"replies":[{"embeddable":true,"href":"https:\/\/mppee.gob.ve\/index.php?rest_route=%2Fwp%2Fv2%2Fcomments&post=93746"}],"version-history":[{"count":1,"href":"https:\/\/mppee.gob.ve\/index.php?rest_route=\/wp\/v2\/posts\/93746\/revisions"}],"predecessor-version":[{"id":93749,"href":"https:\/\/mppee.gob.ve\/index.php?rest_route=\/wp\/v2\/posts\/93746\/revisions\/93749"}],"wp:featuredmedia":[{"embeddable":true,"href":"https:\/\/mppee.gob.ve\/index.php?rest_route=\/wp\/v2\/media\/93747"}],"wp:attachment":[{"href":"https:\/\/mppee.gob.ve\/index.php?rest_route=%2Fwp%2Fv2%2Fmedia&parent=93746"}],"wp:term":[{"taxonomy":"category","embeddable":true,"href":"https:\/\/mppee.gob.ve\/index.php?rest_route=%2Fwp%2Fv2%2Fcategories&post=93746"},{"taxonomy":"post_tag","embeddable":true,"href":"https:\/\/mppee.gob.ve\/index.php?rest_route=%2Fwp%2Fv2%2Ftags&post=93746"}],"curies":[{"name":"wp","href":"https:\/\/api.w.org\/{rel}","templated":true}]}}