{"id":93751,"date":"2025-01-14T20:56:20","date_gmt":"2025-01-14T20:56:20","guid":{"rendered":"http:\/\/mppee.gob.ve\/?p=93751"},"modified":"2025-01-14T20:56:23","modified_gmt":"2025-01-14T20:56:23","slug":"realizan-mesa-de-trabajo-con-empresarios-araguenos-para-potenciar-servicio-electrico-en-la-region","status":"publish","type":"post","link":"https:\/\/mppee.gob.ve\/?p=93751","title":{"rendered":"Realizan mesa de trabajo con empresarios arag\u00fce\u00f1os para potenciar servicio el\u00e9ctrico en la regi\u00f3n"},"content":{"rendered":"\n<p><strong>Municipio Sucre, estado Aragua.-<\/strong> El ministro del Poder Popular para la Energ\u00eda El\u00e9ctrica, Jorge M\u00e1rquez, sostuvo este martes, junto a la gobernadora Karina Carpio, un encuentro con empresarios del municipio Sucre, estado Aragua, con miras a potenciar el suministro de energ\u00eda el\u00e9ctrica en esa regi\u00f3n.<\/p>\n\n\n\n<p>Entre los puntos tratados en la mesa de trabajo est\u00e1n las acciones para ampliar capacidades que refuercen el suministro de electricidad desde la Planta Turboven, ubicada en Cagua, inform\u00f3 la Gobernadora en su cuenta de la red social Instagram.<\/p>\n\n\n\n<p>En el encuentro, donde particip\u00f3 un nutrido grupo de empresarios, tambi\u00e9n estuvo presente el presidente de la Corporaci\u00f3n El\u00e9ctrica Nacional (Corpoelec), Jos\u00e9 Luis Betancourt, atendiendo a este importante sector productivo.<\/p>\n\n\n\n<p>Durante el acto de juramentaci\u00f3n para el nuevo periodo 2025-2031, el presidente de la Rep\u00fablica Nicol\u00e1s Maduro, anunci\u00f3 como segundo punto dentro de las l\u00edneas estrat\u00e9gicas de acci\u00f3n que ejecutar\u00e1 el Gobierno Bolivariano, la recuperaci\u00f3n y desarrollo pleno de los servicios p\u00fablicos del pa\u00eds.<\/p>\n\n\n\n<p>En atenci\u00f3n a este mandato, el tambi\u00e9n Vicepresidente Sectorial de Obras P\u00fablicas y Servicios, Jorge M\u00e1rquez, recorre cada una de las instalaciones del Sistema El\u00e9ctrico Nacional (SEN), para cumplir el compromiso de garantizar los procesos de generaci\u00f3n, transmisi\u00f3n y distribuci\u00f3n de energ\u00eda el\u00e9ctrica para todos los venezolanos.<\/p>\n\n\n\n<p><strong>Prensa MPPEE-Corpoelec \/ Rosiris Ortega<\/strong><\/p>\n\n\n\n<p><\/p>\n","protected":false},"excerpt":{"rendered":"<p>Municipio Sucre, estado Aragua.- El ministro del Poder Popular para la Energ\u00eda El\u00e9ctrica, Jorge M\u00e1rquez, sostuvo este martes, junto a<\/p>\n","protected":false},"author":24,"featured_media":93752,"comment_status":"closed","ping_status":"closed","sticky":false,"template":"","format":"standard","meta":{"footnotes":""},"categories":[1,15,7,8],"tags":[2708,2691,11,2744,46],"class_list":["post-93751","post","type-post","status-publish","format-standard","has-post-thumbnail","hentry","category-mppee","category-nacionales","category-sen","category-uso-eficiente-de-la-energia","tag-aragua","tag-corpoelec","tag-mppee","tag-sen","tag-venezuela"],"_links":{"self":[{"href":"https:\/\/mppee.gob.ve\/index.php?rest_route=\/wp\/v2\/posts\/93751","targetHints":{"allow":["GET"]}}],"collection":[{"href":"https:\/\/mppee.gob.ve\/index.php?rest_route=\/wp\/v2\/posts"}],"about":[{"href":"https:\/\/mppee.gob.ve\/index.php?rest_route=\/wp\/v2\/types\/post"}],"author":[{"embeddable":true,"href":"https:\/\/mppee.gob.ve\/index.php?rest_route=\/wp\/v2\/users\/24"}],"replies":[{"embeddable":true,"href":"https:\/\/mppee.gob.ve\/index.php?rest_route=%2Fwp%2Fv2%2Fcomments&post=93751"}],"version-history":[{"count":1,"href":"https:\/\/mppee.gob.ve\/index.php?rest_route=\/wp\/v2\/posts\/93751\/revisions"}],"predecessor-version":[{"id":93754,"href":"https:\/\/mppee.gob.ve\/index.php?rest_route=\/wp\/v2\/posts\/93751\/revisions\/93754"}],"wp:featuredmedia":[{"embeddable":true,"href":"https:\/\/mppee.gob.ve\/index.php?rest_route=\/wp\/v2\/media\/93752"}],"wp:attachment":[{"href":"https:\/\/mppee.gob.ve\/index.php?rest_route=%2Fwp%2Fv2%2Fmedia&parent=93751"}],"wp:term":[{"taxonomy":"category","embeddable":true,"href":"https:\/\/mppee.gob.ve\/index.php?rest_route=%2Fwp%2Fv2%2Fcategories&post=93751"},{"taxonomy":"post_tag","embeddable":true,"href":"https:\/\/mppee.gob.ve\/index.php?rest_route=%2Fwp%2Fv2%2Ftags&post=93751"}],"curies":[{"name":"wp","href":"https:\/\/api.w.org\/{rel}","templated":true}]}}