{"id":93790,"date":"2025-01-15T20:54:18","date_gmt":"2025-01-15T20:54:18","guid":{"rendered":"http:\/\/mppee.gob.ve\/?p=93790"},"modified":"2025-01-15T20:54:20","modified_gmt":"2025-01-15T20:54:20","slug":"corpoelec-brindara-jornadas-de-atencion-en-seis-municipios-de-guarico","status":"publish","type":"post","link":"https:\/\/mppee.gob.ve\/?p=93790","title":{"rendered":"Corpoelec brindar\u00e1 jornadas de atenci\u00f3n en seis municipios de Gu\u00e1rico"},"content":{"rendered":"\n<p><strong>Estado Gu\u00e1rico.- <\/strong>Este jueves 16 de enero, la Corporaci\u00f3n El\u00e9ctrica Nacional (Corpoelec) se desplegar\u00e1 a trav\u00e9s de stands de los Centros Integrales Atenci\u00f3n al Usuario (CIAU) en seis municipios del estado Gu\u00e1rico.<\/p>\n\n\n\n<p>Durante la jornada, los usuarios podr\u00e1n actualizar datos, recibir notificaciones de deuda, pagar facturas, registrar requerimientos en materia el\u00e9ctrica y conocer las modalidades de cancelaci\u00f3n en l\u00ednea que brinda Corpoelec.<\/p>\n\n\n\n<p>La asistencia personalizada se efectuar\u00e1 en un horario comprendido desde las 8:30 de la ma\u00f1ana hasta las 01:00 de la tarde, en las siguientes direcciones:<\/p>\n\n\n\n<p>&#8211; Urbanizaci\u00f3n La Arboleda, parroquia Valle de la Pascua, municipio Leonardo Infante.<\/p>\n\n\n\n<p>&#8211; Urbanizaci\u00f3n La Florida, parroquia Zaraza, municipio Pedro Zaraza<\/p>\n\n\n\n<p>&#8211; Calle Ricaurte, parroquia Tucupido, municipio Jos\u00e9 F\u00e9lix Ribas.<\/p>\n\n\n\n<p>&#8211; Calle Girardot, parroquia Camagu\u00e1n, municipio Esteros de Camag\u00faan<\/p>\n\n\n\n<p>&#8211; Calle El Pell\u00f3n&nbsp; y Palacios, sector La Playa, municipio Jos\u00e9 Tadeo Monagas.<\/p>\n\n\n\n<p>&#8211; Sector Centro y El C\u00fabito, parroquia Altagracia de Orituco, municipio, Jos\u00e9 Tadeo Monagas.<\/p>\n\n\n\n<p>&#8211; Urbanizaci\u00f3n Luis Camejo, parroquia Las Mercedes del Llano, Juan Jos\u00e9 Rond\u00f3n.<\/p>\n\n\n\n<p>Para mayor informaci\u00f3n sobre las Jornadas Integrales de Atenci\u00f3n al Usuario, puede visitar la cuenta @corpoelecinfo en la red social Instagram.<\/p>\n\n\n\n<p><strong>Prensa MPPEE-Corpoelec<\/strong><\/p>\n","protected":false},"excerpt":{"rendered":"<p>Estado Gu\u00e1rico.- Este jueves 16 de enero, la Corporaci\u00f3n El\u00e9ctrica Nacional (Corpoelec) se desplegar\u00e1 a trav\u00e9s de stands de los<\/p>\n","protected":false},"author":24,"featured_media":93364,"comment_status":"closed","ping_status":"closed","sticky":false,"template":"","format":"standard","meta":{"footnotes":""},"categories":[1,30],"tags":[2691,2729,11,2744,46],"class_list":["post-93790","post","type-post","status-publish","format-standard","has-post-thumbnail","hentry","category-mppee","category-regionales","tag-corpoelec","tag-guarico","tag-mppee","tag-sen","tag-venezuela"],"_links":{"self":[{"href":"https:\/\/mppee.gob.ve\/index.php?rest_route=\/wp\/v2\/posts\/93790","targetHints":{"allow":["GET"]}}],"collection":[{"href":"https:\/\/mppee.gob.ve\/index.php?rest_route=\/wp\/v2\/posts"}],"about":[{"href":"https:\/\/mppee.gob.ve\/index.php?rest_route=\/wp\/v2\/types\/post"}],"author":[{"embeddable":true,"href":"https:\/\/mppee.gob.ve\/index.php?rest_route=\/wp\/v2\/users\/24"}],"replies":[{"embeddable":true,"href":"https:\/\/mppee.gob.ve\/index.php?rest_route=%2Fwp%2Fv2%2Fcomments&post=93790"}],"version-history":[{"count":1,"href":"https:\/\/mppee.gob.ve\/index.php?rest_route=\/wp\/v2\/posts\/93790\/revisions"}],"predecessor-version":[{"id":93791,"href":"https:\/\/mppee.gob.ve\/index.php?rest_route=\/wp\/v2\/posts\/93790\/revisions\/93791"}],"wp:featuredmedia":[{"embeddable":true,"href":"https:\/\/mppee.gob.ve\/index.php?rest_route=\/wp\/v2\/media\/93364"}],"wp:attachment":[{"href":"https:\/\/mppee.gob.ve\/index.php?rest_route=%2Fwp%2Fv2%2Fmedia&parent=93790"}],"wp:term":[{"taxonomy":"category","embeddable":true,"href":"https:\/\/mppee.gob.ve\/index.php?rest_route=%2Fwp%2Fv2%2Fcategories&post=93790"},{"taxonomy":"post_tag","embeddable":true,"href":"https:\/\/mppee.gob.ve\/index.php?rest_route=%2Fwp%2Fv2%2Ftags&post=93790"}],"curies":[{"name":"wp","href":"https:\/\/api.w.org\/{rel}","templated":true}]}}