{"id":93826,"date":"2025-01-17T15:17:16","date_gmt":"2025-01-17T15:17:16","guid":{"rendered":"http:\/\/mppee.gob.ve\/?p=93826"},"modified":"2025-01-17T15:17:18","modified_gmt":"2025-01-17T15:17:18","slug":"corpoelec-brindara-jornadas-integrales-de-atencion-al-usuario-en-el-estado-apure","status":"publish","type":"post","link":"https:\/\/mppee.gob.ve\/?p=93826","title":{"rendered":"Corpoelec brindar\u00e1 Jornadas Integrales de Atenci\u00f3n al Usuario en el estado Apure"},"content":{"rendered":"\n<p><strong>Estado Apure.-<\/strong> Los trabajadores y trabajadoras de la Corporaci\u00f3n El\u00e9ctrica Nacional (Corpoelec) se desplegar\u00e1n este s\u00e1bado 18 de enero en seis municipios del estado Apure, a trav\u00e9s de Jornadas Integrales de Atenci\u00f3n al Usuario.<\/p>\n\n\n\n<p>En un horario comprendido entre las 08:00 de la ma\u00f1ana y las 02:00 de la tarde, los usuarios podr\u00e1n actualizar datos, recibir notificaci\u00f3n de deuda, pagar sus facturas y presentar requerimientos.<\/p>\n\n\n\n<p>Los stands dispuestos para la atenci\u00f3n personalizada estar\u00e1n ubicados en las siguientes direcciones:<\/p>\n\n\n\n<p>&#8211; Urbanizaci\u00f3n Seraf\u00edn Cede\u00f1o, parroquia San Fernando, municipio San Fernando.<\/p>\n\n\n\n<p>&#8211; Urbanizaci\u00f3n Soleos, parroquia Biruaca,municipio Biruaca.<\/p>\n\n\n\n<p>&#8211; La Pica 1, parroquia Achaguas, municipio Achaguas.<\/p>\n\n\n\n<p>&#8211; Urbanizaci\u00f3n Eneas Perdomo, parroquia Elorza, municipio R\u00f3mulo Gallegos.<\/p>\n\n\n\n<p>&#8211; Avenida Libertador, parroquia Mantecal, municipio Mu\u00f1oz.<\/p>\n\n\n\n<p>&#8211; Calle Cede\u00f1o, parroquia Guasdualito, municipio P\u00e1ez.<\/p>\n\n\n\n<p>&#8211; V\u00eda La Chiricoa, poblaci\u00f3n El Nula, parroquia San Camilo, municipio P\u00e1ez.<\/p>\n\n\n\n<p>Para mayor informaci\u00f3n sobre las Jornadas Integrales de Atenci\u00f3n al Usuario, pueden visitar la cuenta @corpoelecinfo en la red social Instagram.<\/p>\n\n\n\n<p><strong>Prensa MPPEE-Corpoelec<\/strong><\/p>\n\n\n\n<p><\/p>\n","protected":false},"excerpt":{"rendered":"<p>Estado Apure.- Los trabajadores y trabajadoras de la Corporaci\u00f3n El\u00e9ctrica Nacional (Corpoelec) se desplegar\u00e1n este s\u00e1bado 18 de enero en<\/p>\n","protected":false},"author":24,"featured_media":93235,"comment_status":"closed","ping_status":"closed","sticky":false,"template":"","format":"standard","meta":{"footnotes":""},"categories":[1,30],"tags":[2722,2691,11,2744,46],"class_list":["post-93826","post","type-post","status-publish","format-standard","has-post-thumbnail","hentry","category-mppee","category-regionales","tag-apure","tag-corpoelec","tag-mppee","tag-sen","tag-venezuela"],"_links":{"self":[{"href":"https:\/\/mppee.gob.ve\/index.php?rest_route=\/wp\/v2\/posts\/93826","targetHints":{"allow":["GET"]}}],"collection":[{"href":"https:\/\/mppee.gob.ve\/index.php?rest_route=\/wp\/v2\/posts"}],"about":[{"href":"https:\/\/mppee.gob.ve\/index.php?rest_route=\/wp\/v2\/types\/post"}],"author":[{"embeddable":true,"href":"https:\/\/mppee.gob.ve\/index.php?rest_route=\/wp\/v2\/users\/24"}],"replies":[{"embeddable":true,"href":"https:\/\/mppee.gob.ve\/index.php?rest_route=%2Fwp%2Fv2%2Fcomments&post=93826"}],"version-history":[{"count":1,"href":"https:\/\/mppee.gob.ve\/index.php?rest_route=\/wp\/v2\/posts\/93826\/revisions"}],"predecessor-version":[{"id":93827,"href":"https:\/\/mppee.gob.ve\/index.php?rest_route=\/wp\/v2\/posts\/93826\/revisions\/93827"}],"wp:featuredmedia":[{"embeddable":true,"href":"https:\/\/mppee.gob.ve\/index.php?rest_route=\/wp\/v2\/media\/93235"}],"wp:attachment":[{"href":"https:\/\/mppee.gob.ve\/index.php?rest_route=%2Fwp%2Fv2%2Fmedia&parent=93826"}],"wp:term":[{"taxonomy":"category","embeddable":true,"href":"https:\/\/mppee.gob.ve\/index.php?rest_route=%2Fwp%2Fv2%2Fcategories&post=93826"},{"taxonomy":"post_tag","embeddable":true,"href":"https:\/\/mppee.gob.ve\/index.php?rest_route=%2Fwp%2Fv2%2Ftags&post=93826"}],"curies":[{"name":"wp","href":"https:\/\/api.w.org\/{rel}","templated":true}]}}