{"id":93831,"date":"2025-01-17T15:49:17","date_gmt":"2025-01-17T15:49:17","guid":{"rendered":"http:\/\/mppee.gob.ve\/?p=93831"},"modified":"2025-01-17T15:49:19","modified_gmt":"2025-01-17T15:49:19","slug":"usuarios-residenciales-de-cojedes-seran-atendidos-con-jornada-integral","status":"publish","type":"post","link":"https:\/\/mppee.gob.ve\/?p=93831","title":{"rendered":"Usuarios residenciales de Cojedes ser\u00e1n atendidos con jornada integral"},"content":{"rendered":"\n<p><strong>Estado Cojedes.- <\/strong>Este s\u00e1bado 18 de enero, la Corporaci\u00f3n El\u00e9ctrica Nacional (Corpoelec) despliega una jornada de atenci\u00f3n personalizada a los habitantes de los municipios Ezequiel Zamora, Tinaco, Girardot y Tinaquillo en el estado Cojedes.<\/p>\n\n\n\n<p>El despliegue se realizar\u00e1 en el horario comprendido desde las 08:00 am de la ma\u00f1ana hasta las 02:00 pm y estar\u00e1 dirigido a usuarios residenciales.<\/p>\n\n\n\n<p>Los stands estar\u00e1n ubicados en las siguientes comunidades:<\/p>\n\n\n\n<p>&#8211; Urbanizaci\u00f3n Villas del Norte, parroquia San Carlos de Austria, municipio Ezequiel Zamora.<\/p>\n\n\n\n<p>&#8211; Avenida Miranda entre calle Urdaneta y Plaza, parroquia Tinaquillo, municipio Tinaquillo.<\/p>\n\n\n\n<p>&#8211; Sector San Luis II, parroquia Jos\u00e9 Laurencio Silva, municipio Tinaco.<\/p>\n\n\n\n<p>&#8211; Sector Pueblo Abajo, calle Girardot, parroquia El Ba\u00fal, municipio Girardot.<\/p>\n\n\n\n<p>En esta jornada los usuarios podr\u00e1n realizar actualizaci\u00f3n de datos, notificaciones de deudas y pago de facturas por concepto del servicio el\u00e9ctrico, a trav\u00e9s de punto de venta como \u00fanico m\u00e9todo de pago autorizado.<\/p>\n\n\n\n<p>Para mayor informaci\u00f3n sobre las jornadas de atenci\u00f3n, los usuarios pueden visitar nuestras cuentas oficiales en Instagram, @corpoelecinfo y Facebook Corpoelec Informa.<\/p>\n\n\n\n<p><strong>Prensa MPPEE-Corpoelec<\/strong><\/p>\n","protected":false},"excerpt":{"rendered":"<p>Estado Cojedes.- Este s\u00e1bado 18 de enero, la Corporaci\u00f3n El\u00e9ctrica Nacional (Corpoelec) despliega una jornada de atenci\u00f3n personalizada a los<\/p>\n","protected":false},"author":24,"featured_media":93364,"comment_status":"closed","ping_status":"closed","sticky":false,"template":"","format":"standard","meta":{"footnotes":""},"categories":[1,30],"tags":[2710,2691,11,2744,46],"class_list":["post-93831","post","type-post","status-publish","format-standard","has-post-thumbnail","hentry","category-mppee","category-regionales","tag-cojedes","tag-corpoelec","tag-mppee","tag-sen","tag-venezuela"],"_links":{"self":[{"href":"https:\/\/mppee.gob.ve\/index.php?rest_route=\/wp\/v2\/posts\/93831","targetHints":{"allow":["GET"]}}],"collection":[{"href":"https:\/\/mppee.gob.ve\/index.php?rest_route=\/wp\/v2\/posts"}],"about":[{"href":"https:\/\/mppee.gob.ve\/index.php?rest_route=\/wp\/v2\/types\/post"}],"author":[{"embeddable":true,"href":"https:\/\/mppee.gob.ve\/index.php?rest_route=\/wp\/v2\/users\/24"}],"replies":[{"embeddable":true,"href":"https:\/\/mppee.gob.ve\/index.php?rest_route=%2Fwp%2Fv2%2Fcomments&post=93831"}],"version-history":[{"count":1,"href":"https:\/\/mppee.gob.ve\/index.php?rest_route=\/wp\/v2\/posts\/93831\/revisions"}],"predecessor-version":[{"id":93832,"href":"https:\/\/mppee.gob.ve\/index.php?rest_route=\/wp\/v2\/posts\/93831\/revisions\/93832"}],"wp:featuredmedia":[{"embeddable":true,"href":"https:\/\/mppee.gob.ve\/index.php?rest_route=\/wp\/v2\/media\/93364"}],"wp:attachment":[{"href":"https:\/\/mppee.gob.ve\/index.php?rest_route=%2Fwp%2Fv2%2Fmedia&parent=93831"}],"wp:term":[{"taxonomy":"category","embeddable":true,"href":"https:\/\/mppee.gob.ve\/index.php?rest_route=%2Fwp%2Fv2%2Fcategories&post=93831"},{"taxonomy":"post_tag","embeddable":true,"href":"https:\/\/mppee.gob.ve\/index.php?rest_route=%2Fwp%2Fv2%2Ftags&post=93831"}],"curies":[{"name":"wp","href":"https:\/\/api.w.org\/{rel}","templated":true}]}}