{"id":93854,"date":"2025-01-17T23:32:46","date_gmt":"2025-01-17T23:32:46","guid":{"rendered":"http:\/\/mppee.gob.ve\/?p=93854"},"modified":"2025-01-17T23:32:48","modified_gmt":"2025-01-17T23:32:48","slug":"supervisan-areas-del-centro-de-servicio-el-convento-en-el-marques","status":"publish","type":"post","link":"https:\/\/mppee.gob.ve\/?p=93854","title":{"rendered":"Supervisan \u00e1reas del Centro de Servicio El Convento en El Marqu\u00e9s"},"content":{"rendered":"\n<p><strong>El Marqu\u00e9s, estado Miranda.-<\/strong> El ministro del Poder Popular para la Energ\u00eda El\u00e9ctrica, Jorge M\u00e1rquez, supervis\u00f3 este viernes las \u00e1reas del Centro de Servicio El Convento de la Corporaci\u00f3n El\u00e9ctrica Nacional (Corpoelec), ubicada en la urbanizaci\u00f3n El Marqu\u00e9s del estado Miranda.<\/p>\n\n\n\n<p>El tambi\u00e9n Vicepresidente Sectorial de Obras P\u00fablicas y Servicios recorri\u00f3 los espacios del Laboratorio de Aceites, el \u00e1rea de transformadores y reguladores, as\u00ed como el edificio administrativo donde se ubican las oficinas de ingenier\u00eda.<\/p>\n\n\n\n<p>En el Centro de Servicio, los trabajadores y trabajadoras recibieron con regocijo a M\u00e1rquez y lo acompa\u00f1aron al tiempo que le manifestaron inquietudes y propuestas encaminadas al \u00f3ptimo funcionamiento de estos importantes espacios del sector el\u00e9ctrico.<\/p>\n\n\n\n<p>El Ministro, cumpliendo instrucciones del presidente de la Rep\u00fablica, Nicol\u00e1s Maduro, lidera una serie de acciones que tienen como prop\u00f3sito atender y remozar el Sistema El\u00e9ctrico Nacional (SEN) en unidad con los trabajadores y trabajadoras.<\/p>\n\n\n\n<p><strong>Prensa MPPEE-Corpoelec \/ Rosiris Ortega<\/strong><\/p>\n","protected":false},"excerpt":{"rendered":"<p>El Marqu\u00e9s, estado Miranda.- El ministro del Poder Popular para la Energ\u00eda El\u00e9ctrica, Jorge M\u00e1rquez, supervis\u00f3 este viernes las \u00e1reas<\/p>\n","protected":false},"author":24,"featured_media":93855,"comment_status":"closed","ping_status":"closed","sticky":false,"template":"","format":"standard","meta":{"footnotes":""},"categories":[1,15,7],"tags":[2691,2709,11,2744,46],"class_list":["post-93854","post","type-post","status-publish","format-standard","has-post-thumbnail","hentry","category-mppee","category-nacionales","category-sen","tag-corpoelec","tag-miranda","tag-mppee","tag-sen","tag-venezuela"],"_links":{"self":[{"href":"https:\/\/mppee.gob.ve\/index.php?rest_route=\/wp\/v2\/posts\/93854","targetHints":{"allow":["GET"]}}],"collection":[{"href":"https:\/\/mppee.gob.ve\/index.php?rest_route=\/wp\/v2\/posts"}],"about":[{"href":"https:\/\/mppee.gob.ve\/index.php?rest_route=\/wp\/v2\/types\/post"}],"author":[{"embeddable":true,"href":"https:\/\/mppee.gob.ve\/index.php?rest_route=\/wp\/v2\/users\/24"}],"replies":[{"embeddable":true,"href":"https:\/\/mppee.gob.ve\/index.php?rest_route=%2Fwp%2Fv2%2Fcomments&post=93854"}],"version-history":[{"count":1,"href":"https:\/\/mppee.gob.ve\/index.php?rest_route=\/wp\/v2\/posts\/93854\/revisions"}],"predecessor-version":[{"id":93856,"href":"https:\/\/mppee.gob.ve\/index.php?rest_route=\/wp\/v2\/posts\/93854\/revisions\/93856"}],"wp:featuredmedia":[{"embeddable":true,"href":"https:\/\/mppee.gob.ve\/index.php?rest_route=\/wp\/v2\/media\/93855"}],"wp:attachment":[{"href":"https:\/\/mppee.gob.ve\/index.php?rest_route=%2Fwp%2Fv2%2Fmedia&parent=93854"}],"wp:term":[{"taxonomy":"category","embeddable":true,"href":"https:\/\/mppee.gob.ve\/index.php?rest_route=%2Fwp%2Fv2%2Fcategories&post=93854"},{"taxonomy":"post_tag","embeddable":true,"href":"https:\/\/mppee.gob.ve\/index.php?rest_route=%2Fwp%2Fv2%2Ftags&post=93854"}],"curies":[{"name":"wp","href":"https:\/\/api.w.org\/{rel}","templated":true}]}}