{"id":93885,"date":"2025-01-18T19:40:00","date_gmt":"2025-01-18T19:40:00","guid":{"rendered":"http:\/\/mppee.gob.ve\/?p=93885"},"modified":"2025-01-18T19:40:03","modified_gmt":"2025-01-18T19:40:03","slug":"corpoelec-y-consejos-comunales-de-bolivar-debaten-proyectos-en-materia-de-energia-electrica","status":"publish","type":"post","link":"https:\/\/mppee.gob.ve\/?p=93885","title":{"rendered":"Corpoelec y consejos comunales de Bol\u00edvar debaten proyectos en materia de energ\u00eda el\u00e9ctrica"},"content":{"rendered":"\n<p><strong>Estado Bol\u00edvar.- <\/strong>Trabajadores del Bloque Social de la Corporaci\u00f3n El\u00e9ctrica Nacional (Corpoelec) sostuvieron un encuentro con los voceros de los diferentes consejos comunales del Circuito Macizo Guayan\u00e9s de la parroquia Sim\u00f3n Bol\u00edvar, con el objetivo de articular las acciones a ejecutar en materia el\u00e9ctrica.<\/p>\n\n\n\n<p>Durante la actividad, los voceros de las comunidades recibieron asesor\u00edas de la clase trabajadora para dar respuesta efectiva a todas sus inquietudes emitidas a trav\u00e9s de la aplicaci\u00f3n VenApp.<\/p>\n\n\n\n<p>Estos encuentros con los habitantes de las comunas Las Palmitas, La Gr\u00faa II, Mujeres Luchadoras, El Manguito, barrio El Centro, La Esperanza Socialista, Los Bolivianos y Jard\u00edn del Valle, permite la estructuraci\u00f3n y r\u00e1pida atenci\u00f3n a sus solicitudes, contribuyendo al fortalecimiento del sistema el\u00e9ctrico a m\u00e1s de 5 mil habitantes.<\/p>\n\n\n\n<p>Rumbo a la Tercera Consulta Popular Nacional, los trabajadores del Bloque Social de Corpoelec resaltaron la importancia de las inspecciones t\u00e9cnicas que permiten la consolidaci\u00f3n de proyectos de electrificaci\u00f3n para el buen vivir desarrollo la poblaci\u00f3n.<\/p>\n\n\n\n<p><strong>Prensa MPPEE-Corpoelec<\/strong><\/p>\n","protected":false},"excerpt":{"rendered":"<p>Estado Bol\u00edvar.- Trabajadores del Bloque Social de la Corporaci\u00f3n El\u00e9ctrica Nacional (Corpoelec) sostuvieron un encuentro con los voceros de los<\/p>\n","protected":false},"author":24,"featured_media":93886,"comment_status":"closed","ping_status":"closed","sticky":false,"template":"","format":"standard","meta":{"footnotes":""},"categories":[1,30,7],"tags":[2723,2691,11,2744,46],"class_list":["post-93885","post","type-post","status-publish","format-standard","has-post-thumbnail","hentry","category-mppee","category-regionales","category-sen","tag-bolivar","tag-corpoelec","tag-mppee","tag-sen","tag-venezuela"],"_links":{"self":[{"href":"https:\/\/mppee.gob.ve\/index.php?rest_route=\/wp\/v2\/posts\/93885","targetHints":{"allow":["GET"]}}],"collection":[{"href":"https:\/\/mppee.gob.ve\/index.php?rest_route=\/wp\/v2\/posts"}],"about":[{"href":"https:\/\/mppee.gob.ve\/index.php?rest_route=\/wp\/v2\/types\/post"}],"author":[{"embeddable":true,"href":"https:\/\/mppee.gob.ve\/index.php?rest_route=\/wp\/v2\/users\/24"}],"replies":[{"embeddable":true,"href":"https:\/\/mppee.gob.ve\/index.php?rest_route=%2Fwp%2Fv2%2Fcomments&post=93885"}],"version-history":[{"count":1,"href":"https:\/\/mppee.gob.ve\/index.php?rest_route=\/wp\/v2\/posts\/93885\/revisions"}],"predecessor-version":[{"id":93887,"href":"https:\/\/mppee.gob.ve\/index.php?rest_route=\/wp\/v2\/posts\/93885\/revisions\/93887"}],"wp:featuredmedia":[{"embeddable":true,"href":"https:\/\/mppee.gob.ve\/index.php?rest_route=\/wp\/v2\/media\/93886"}],"wp:attachment":[{"href":"https:\/\/mppee.gob.ve\/index.php?rest_route=%2Fwp%2Fv2%2Fmedia&parent=93885"}],"wp:term":[{"taxonomy":"category","embeddable":true,"href":"https:\/\/mppee.gob.ve\/index.php?rest_route=%2Fwp%2Fv2%2Fcategories&post=93885"},{"taxonomy":"post_tag","embeddable":true,"href":"https:\/\/mppee.gob.ve\/index.php?rest_route=%2Fwp%2Fv2%2Ftags&post=93885"}],"curies":[{"name":"wp","href":"https:\/\/api.w.org\/{rel}","templated":true}]}}