{"id":93914,"date":"2025-01-21T14:29:05","date_gmt":"2025-01-21T14:29:05","guid":{"rendered":"http:\/\/mppee.gob.ve\/?p=93914"},"modified":"2025-01-21T14:29:07","modified_gmt":"2025-01-21T14:29:07","slug":"mantenimientos-preventivos-fortalecen-el-servicio-electrico-en-comunidades-portuguesenas","status":"publish","type":"post","link":"https:\/\/mppee.gob.ve\/?p=93914","title":{"rendered":"Mantenimientos preventivos fortalecen el servicio el\u00e9ctrico en comunidades portuguese\u00f1as"},"content":{"rendered":"\n<p><strong>Estado Portuguesa.- <\/strong>Como parte de las acciones planificadas para fortalecer las redes de distribuci\u00f3n, trabajadores de la Corporaci\u00f3n El\u00e9ctrica Nacional (Corpoelec) efectu\u00f3 labores de mantenimiento preventivo en los municipios Guanare, Araure, P\u00e1ez y Sucre del estado Portuguesa.<\/p>\n\n\n\n<p>Las labores, que permiten optimizar el suministro de la energ\u00eda a m\u00e1s de 240 mil usuarios, consistieron en el retiro de la vegetaci\u00f3n, sustituci\u00f3n de piezas, reposici\u00f3n de l\u00edneas y ajustes en media y alta tensi\u00f3n.<\/p>\n\n\n\n<p>Durante el despliegue por parte de las cuadrillas de los Centros de Servicios y de la Gerencia de Programaci\u00f3n y Control de Vegetaci\u00f3n (PCV), se abordaron 20 circuitos asociados a las subestaciones Biscucuy, Araure, Guanare y Acarigua II, respectivamente.<\/p>\n\n\n\n<p>Entre los sectores favorecidos est\u00e1n Valle Arriba, Los Pr\u00f3ceres, 23 de Enero, Chispa, Payara, Biscucuy, Santa Rosa, Mijagual, Cerro e&#8217; Paja, Los Tore\u00f1os, 24 de Julio, La Comunidad Nueva, Paseo Los Ilustres, El Cambio, Coromoto, Banco Obrero, Matur\u00edn y Monse\u00f1or Unda.<\/p>\n\n\n\n<p>Corpoelec avanza con acciones que contribuyen a optimizar las redes de media y baja tensi\u00f3n en la entidad portuguese\u00f1a.<\/p>\n\n\n\n<p><strong>Prensa MPPEE-Corpoelec<\/strong><\/p>\n","protected":false},"excerpt":{"rendered":"<p>Estado Portuguesa.- Como parte de las acciones planificadas para fortalecer las redes de distribuci\u00f3n, trabajadores de la Corporaci\u00f3n El\u00e9ctrica Nacional<\/p>\n","protected":false},"author":24,"featured_media":93915,"comment_status":"closed","ping_status":"closed","sticky":false,"template":"","format":"standard","meta":{"footnotes":""},"categories":[1,30],"tags":[2691,11,2725,2744,46],"class_list":["post-93914","post","type-post","status-publish","format-standard","has-post-thumbnail","hentry","category-mppee","category-regionales","tag-corpoelec","tag-mppee","tag-portuguesa","tag-sen","tag-venezuela"],"_links":{"self":[{"href":"https:\/\/mppee.gob.ve\/index.php?rest_route=\/wp\/v2\/posts\/93914","targetHints":{"allow":["GET"]}}],"collection":[{"href":"https:\/\/mppee.gob.ve\/index.php?rest_route=\/wp\/v2\/posts"}],"about":[{"href":"https:\/\/mppee.gob.ve\/index.php?rest_route=\/wp\/v2\/types\/post"}],"author":[{"embeddable":true,"href":"https:\/\/mppee.gob.ve\/index.php?rest_route=\/wp\/v2\/users\/24"}],"replies":[{"embeddable":true,"href":"https:\/\/mppee.gob.ve\/index.php?rest_route=%2Fwp%2Fv2%2Fcomments&post=93914"}],"version-history":[{"count":1,"href":"https:\/\/mppee.gob.ve\/index.php?rest_route=\/wp\/v2\/posts\/93914\/revisions"}],"predecessor-version":[{"id":93916,"href":"https:\/\/mppee.gob.ve\/index.php?rest_route=\/wp\/v2\/posts\/93914\/revisions\/93916"}],"wp:featuredmedia":[{"embeddable":true,"href":"https:\/\/mppee.gob.ve\/index.php?rest_route=\/wp\/v2\/media\/93915"}],"wp:attachment":[{"href":"https:\/\/mppee.gob.ve\/index.php?rest_route=%2Fwp%2Fv2%2Fmedia&parent=93914"}],"wp:term":[{"taxonomy":"category","embeddable":true,"href":"https:\/\/mppee.gob.ve\/index.php?rest_route=%2Fwp%2Fv2%2Fcategories&post=93914"},{"taxonomy":"post_tag","embeddable":true,"href":"https:\/\/mppee.gob.ve\/index.php?rest_route=%2Fwp%2Fv2%2Ftags&post=93914"}],"curies":[{"name":"wp","href":"https:\/\/api.w.org\/{rel}","templated":true}]}}