{"id":93939,"date":"2025-01-21T18:52:00","date_gmt":"2025-01-21T18:52:00","guid":{"rendered":"http:\/\/mppee.gob.ve\/?p=93939"},"modified":"2025-01-21T19:49:11","modified_gmt":"2025-01-21T19:49:11","slug":"corpoelec-refuerza-atencion-con-ampliacion-de-flota-vehicular","status":"publish","type":"post","link":"https:\/\/mppee.gob.ve\/?p=93939","title":{"rendered":"Corpoelec refuerza atenci\u00f3n con ampliaci\u00f3n de flota vehicular"},"content":{"rendered":"\n<p><strong>San Bernardino, Caracas.-<\/strong> En la frase \u00abbrindar una atenci\u00f3n m\u00e1s r\u00e1pida\u00bb a situaciones asociadas al servicio el\u00e9ctrico, se resume la verdadera esencia de la entrega de 10 nuevos veh\u00edculos a trabajadores de la Corporaci\u00f3n El\u00e9ctrica Nacional (Corpoelec), quienes, a partir de este martes, ver\u00e1n fortalecido el despliegue operativo en ocho estados del pa\u00eds.<\/p>\n\n\n\n<p>\u00abCon la dotaci\u00f3n de estos veh\u00edculos, ser\u00e1 m\u00e1s eficiente porque cabe m\u00e1s personal y atenderemos m\u00e1s r\u00e1pido las fallas a cualquier hora\u00bb, enfatiz\u00f3 el trabajador Henry P\u00e9rez, procedente del estado Yaracuy, previo a la asignaci\u00f3n formal de la flota vehicular por parte del ministro del Poder Popular para la Energ\u00eda El\u00e9ctrica, Jorge M\u00e1rquez, en el contexto del reimpulso del 1&#215;10 del Buen Gobierno.<\/p>\n\n\n\n<p>Estas unidades r\u00fasticas, tipo Toyota, destinadas a los estados Aragua, Barinas, Delta Amacuro, Gu\u00e1rico, M\u00e9rida, Miranda y Yaracuy, as\u00ed como el Distrito Capital reducir\u00e1n significativamente el tiempo de respuesta al facilitar el desplazamiento a zonas de dif\u00edcil acceso, garantizando as\u00ed una cobertura \u00f3ptima del territorio nacional.<\/p>\n\n\n\n<p>Desde San Bernardino, ubicado en Caracas, M\u00e1rquez reiter\u00f3 que \u00abestamos avanzando\u00bb no solo a nivel operativo, sino tambi\u00e9n en la mejora continua de las condiciones laborales. Sobre esto, puntualiz\u00f3 la necesidad de revalidar el compromiso, mantener el trabajo en equipo y recordar siempre la enorme responsabilidad que tienen con el pueblo venezolano.<\/p>\n\n\n\n<p>\u00abNo podemos defraudar al pa\u00eds, a nuestra gente, a nuestro pueblo que siempre est\u00e1 pendiente\u00bb, asever\u00f3 M\u00e1rquez rodeado de una decena de trabajadores que, con su compromiso renovado, retorna a su lugar de origen con la convicci\u00f3n de consolidar un Sistema El\u00e9ctrico estable, eficiente y de calidad.<\/p>\n\n\n\n<p>Precisamente, en esa l\u00ednea se inscribe la afirmaci\u00f3n de Andr\u00e9s Gualdron. Con 15 a\u00f1os de servicio en el estado Aragua, donde se desempe\u00f1a como liniero, subraya que \u00abpodremos llegar a sitios remotos, que son m\u00e1s vulnerables, y prestar un servicio m\u00e1s \u00f3ptimo\u00bb.<\/p>\n\n\n\n<p>\u00abEs grato saber que nos est\u00e1n dando la oportunidad de mejorar -la atenci\u00f3n- con estos veh\u00edculos (\u2026) Se ven los esfuerzos que se hacen, desde el Ejecutivo Nacional, para que lleguen estos beneficios\u00bb, agreg\u00f3 Gualdron.<\/p>\n\n\n\n<p>En ese esfuerzo por elevar la eficiencia de los procesos de generaci\u00f3n, transmisi\u00f3n y distribuci\u00f3n de la energ\u00eda, el trabajador Johan P\u00e9rez, de Barinas, subray\u00f3 que transita la clase obrera.<\/p>\n\n\n\n<p>\u00abTrabajamos d\u00eda a d\u00eda, ponemos nuestro granito de arena para mantener al Sistema El\u00e9ctrico Nacional\u00bb, resalt\u00f3.<\/p>\n\n\n\n<p>Estas acciones afianzan la labor ejercida por la estatal el\u00e9ctrica en las comunidades del pa\u00eds, siendo una arista fundamental de la nueva etapa del 1&#215;10 del Buen Gobierno orientada por el presidente de la Rep\u00fablica, Nicol\u00e1s Maduro, para elevar el funcionamiento de los servicios p\u00fablicos.<\/p>\n\n\n\n<p><strong>Prensa MPPEE-Corpoelec \/ Karelis Gonz\u00e1lez<\/strong><\/p>\n","protected":false},"excerpt":{"rendered":"<p>San Bernardino, Caracas.- En la frase \u00abbrindar una atenci\u00f3n m\u00e1s r\u00e1pida\u00bb a situaciones asociadas al servicio el\u00e9ctrico, se resume la<\/p>\n","protected":false},"author":24,"featured_media":93945,"comment_status":"closed","ping_status":"closed","sticky":false,"template":"","format":"standard","meta":{"footnotes":""},"categories":[1,15],"tags":[111,2691,11,2744],"class_list":["post-93939","post","type-post","status-publish","format-standard","has-post-thumbnail","hentry","category-mppee","category-nacionales","tag-caracas","tag-corpoelec","tag-mppee","tag-sen"],"_links":{"self":[{"href":"https:\/\/mppee.gob.ve\/index.php?rest_route=\/wp\/v2\/posts\/93939","targetHints":{"allow":["GET"]}}],"collection":[{"href":"https:\/\/mppee.gob.ve\/index.php?rest_route=\/wp\/v2\/posts"}],"about":[{"href":"https:\/\/mppee.gob.ve\/index.php?rest_route=\/wp\/v2\/types\/post"}],"author":[{"embeddable":true,"href":"https:\/\/mppee.gob.ve\/index.php?rest_route=\/wp\/v2\/users\/24"}],"replies":[{"embeddable":true,"href":"https:\/\/mppee.gob.ve\/index.php?rest_route=%2Fwp%2Fv2%2Fcomments&post=93939"}],"version-history":[{"count":1,"href":"https:\/\/mppee.gob.ve\/index.php?rest_route=\/wp\/v2\/posts\/93939\/revisions"}],"predecessor-version":[{"id":93941,"href":"https:\/\/mppee.gob.ve\/index.php?rest_route=\/wp\/v2\/posts\/93939\/revisions\/93941"}],"wp:featuredmedia":[{"embeddable":true,"href":"https:\/\/mppee.gob.ve\/index.php?rest_route=\/wp\/v2\/media\/93945"}],"wp:attachment":[{"href":"https:\/\/mppee.gob.ve\/index.php?rest_route=%2Fwp%2Fv2%2Fmedia&parent=93939"}],"wp:term":[{"taxonomy":"category","embeddable":true,"href":"https:\/\/mppee.gob.ve\/index.php?rest_route=%2Fwp%2Fv2%2Fcategories&post=93939"},{"taxonomy":"post_tag","embeddable":true,"href":"https:\/\/mppee.gob.ve\/index.php?rest_route=%2Fwp%2Fv2%2Ftags&post=93939"}],"curies":[{"name":"wp","href":"https:\/\/api.w.org\/{rel}","templated":true}]}}