{"id":94017,"date":"2025-01-24T18:33:16","date_gmt":"2025-01-24T18:33:16","guid":{"rendered":"http:\/\/mppee.gob.ve\/?p=94017"},"modified":"2025-01-24T18:33:17","modified_gmt":"2025-01-24T18:33:17","slug":"corpoelec-despliega-jornadas-de-atencion-al-usuario-en-seis-municipios-apurenos","status":"publish","type":"post","link":"https:\/\/mppee.gob.ve\/?p=94017","title":{"rendered":"Corpoelec despliega Jornadas de Atenci\u00f3n al Usuario en seis municipios apure\u00f1os"},"content":{"rendered":"\n<p><strong>Estado Apure.- <\/strong>La Corporaci\u00f3n El\u00e9ctrica Nacional (Corpoelec) llevar\u00e1 a cabo este\u00a0 s\u00e1bado 25 de enero, Jornadas Integrales Atenci\u00f3n al Usuario en comunidades del estado Apure.<\/p>\n\n\n\n<p>La clase trabajadora se desplegar\u00e1 para brindar orientaci\u00f3n sobre notificaci\u00f3n de deuda, pago de factura, actualizaci\u00f3n de datos y captaci\u00f3n de nuevos usuarios.<\/p>\n\n\n\n<p>Los stands estar\u00e1n disponibles en un horario comprendido entre las 8 de la ma\u00f1ana y las 2 de la tarde, en las siguientes direcciones:<\/p>\n\n\n\n<p>&#8211; Urbanizaci\u00f3n los Tamarindos, parroquia San Fernando, municipio San Fernando.<\/p>\n\n\n\n<p>&#8211; Urbanizaci\u00f3n Llano Alto, parroquia Biruaca, municipio Biruaca.<\/p>\n\n\n\n<p>&#8211; Urbanizaci\u00f3n El Nazareno, parroquia Achaguas, municipio Achaguas.<\/p>\n\n\n\n<p>&#8211; Avenida Libertador, cruce con calle Sucre, parroquia Mantecal, municipio Mu\u00f1oz.<\/p>\n\n\n\n<p>&#8211; Avenida Juan Vicente Torralba, parroquia Elorza, municipio R\u00f3mulo Gallegos.<\/p>\n\n\n\n<p>&#8211; Plaza Bol\u00edvar, parroquia Guasdualito, municipio P\u00e1ez.<\/p>\n\n\n\n<p>&#8211; Centro de El Nula, sector Bol\u00edvar, parroquia San Camilo, municipio P\u00e1ez<\/p>\n\n\n\n<p>Para mayor informaci\u00f3n sobre las Jornadas Integrales de Atenci\u00f3n al Usuario, pueden visitar la cuenta @Corpoelecinfo en la red social Intagram.<\/p>\n\n\n\n<p><strong>Prensa MPPEE-Corpoelec<\/strong><\/p>\n","protected":false},"excerpt":{"rendered":"<p>Estado Apure.- La Corporaci\u00f3n El\u00e9ctrica Nacional (Corpoelec) llevar\u00e1 a cabo este\u00a0 s\u00e1bado 25 de enero, Jornadas Integrales Atenci\u00f3n al Usuario<\/p>\n","protected":false},"author":24,"featured_media":93364,"comment_status":"closed","ping_status":"closed","sticky":false,"template":"","format":"standard","meta":{"footnotes":""},"categories":[1,30],"tags":[2722,2691,11,2744,46],"class_list":["post-94017","post","type-post","status-publish","format-standard","has-post-thumbnail","hentry","category-mppee","category-regionales","tag-apure","tag-corpoelec","tag-mppee","tag-sen","tag-venezuela"],"_links":{"self":[{"href":"https:\/\/mppee.gob.ve\/index.php?rest_route=\/wp\/v2\/posts\/94017","targetHints":{"allow":["GET"]}}],"collection":[{"href":"https:\/\/mppee.gob.ve\/index.php?rest_route=\/wp\/v2\/posts"}],"about":[{"href":"https:\/\/mppee.gob.ve\/index.php?rest_route=\/wp\/v2\/types\/post"}],"author":[{"embeddable":true,"href":"https:\/\/mppee.gob.ve\/index.php?rest_route=\/wp\/v2\/users\/24"}],"replies":[{"embeddable":true,"href":"https:\/\/mppee.gob.ve\/index.php?rest_route=%2Fwp%2Fv2%2Fcomments&post=94017"}],"version-history":[{"count":1,"href":"https:\/\/mppee.gob.ve\/index.php?rest_route=\/wp\/v2\/posts\/94017\/revisions"}],"predecessor-version":[{"id":94018,"href":"https:\/\/mppee.gob.ve\/index.php?rest_route=\/wp\/v2\/posts\/94017\/revisions\/94018"}],"wp:featuredmedia":[{"embeddable":true,"href":"https:\/\/mppee.gob.ve\/index.php?rest_route=\/wp\/v2\/media\/93364"}],"wp:attachment":[{"href":"https:\/\/mppee.gob.ve\/index.php?rest_route=%2Fwp%2Fv2%2Fmedia&parent=94017"}],"wp:term":[{"taxonomy":"category","embeddable":true,"href":"https:\/\/mppee.gob.ve\/index.php?rest_route=%2Fwp%2Fv2%2Fcategories&post=94017"},{"taxonomy":"post_tag","embeddable":true,"href":"https:\/\/mppee.gob.ve\/index.php?rest_route=%2Fwp%2Fv2%2Ftags&post=94017"}],"curies":[{"name":"wp","href":"https:\/\/api.w.org\/{rel}","templated":true}]}}