{"id":94059,"date":"2025-01-27T18:39:23","date_gmt":"2025-01-27T18:39:23","guid":{"rendered":"http:\/\/mppee.gob.ve\/?p=94059"},"modified":"2025-01-27T18:39:25","modified_gmt":"2025-01-27T18:39:25","slug":"mas-de-45-mil-sucrenses-son-beneficiados-con-mantenimiento-preventivo-en-subestacion-carupano","status":"publish","type":"post","link":"https:\/\/mppee.gob.ve\/?p=94059","title":{"rendered":"M\u00e1s de 45 mil sucrenses son beneficiados con mantenimiento preventivo en subestaci\u00f3n Car\u00fapano"},"content":{"rendered":"\n<p><strong>Estado Sucre.- <\/strong>Como parte del Plan de Mantenimiento Integral del Sistema El\u00e9ctrico Nacional (SEN) y para garantizar un suministro el\u00e9ctrico a m\u00e1s de 45 mil habitantes de los municipios Ben\u00edtez, Berm\u00fadez y Arismendi, trabajadores de la Corporaci\u00f3n El\u00e9ctrica Nacional (Corpoelec) aplicaron mantenimiento correctivo y preventivo en la subestaci\u00f3n Car\u00fapano, ubicada en el estado Sucre.<\/p>\n\n\n\n<p>Las maniobras realizadas garantizan las operaciones de la subestaci\u00f3n y circuitos asociados de forma segura, optimizando el servicio el\u00e9ctrico en las comunidades de las parroquias Santa Catalina del municipio Berm\u00fadez, General Francisco Antonio V\u00e1squez en el municipio Ben\u00edtez y El Morro de Puerto Santo del municipio Arismendi.<\/p>\n\n\n\n<p>Entre las acciones ejecutadas se encuentran la reparaci\u00f3n y ajuste de torniller\u00edas, limpieza de seccionadores que sujeta a elementos que conforman la infraestructura el\u00e9ctrica, as\u00ed como la correcci\u00f3n de puntos calientes en los alimentadores de distribuci\u00f3n La Planta, R\u00edo Caribe y Aj\u00edes, perteneciente al transformador de potencia n\u00famero 4 de la subestaci\u00f3n.<\/p>\n\n\n\n<p>Estas acciones preventivas tienen como finalidad garantizar el funcionamiento de las subestaciones el\u00e9ctricas que se encuentran en la entidad oriental.<\/p>\n\n\n\n<p>Corpoelec reafirma su compromiso de brindar un servicio el\u00e9ctrico confiable y eficiente, fortaleciendo la infraestructura el\u00e9ctrica del pa\u00eds.<\/p>\n\n\n\n<p><strong>Prensa MPPEE-Corpoelec<\/strong><\/p>\n\n\n\n<p><\/p>\n","protected":false},"excerpt":{"rendered":"<p>Estado Sucre.- Como parte del Plan de Mantenimiento Integral del Sistema El\u00e9ctrico Nacional (SEN) y para garantizar un suministro el\u00e9ctrico<\/p>\n","protected":false},"author":24,"featured_media":94060,"comment_status":"closed","ping_status":"closed","sticky":false,"template":"","format":"standard","meta":{"footnotes":""},"categories":[1,30],"tags":[2691,11,2744,2693,46],"class_list":["post-94059","post","type-post","status-publish","format-standard","has-post-thumbnail","hentry","category-mppee","category-regionales","tag-corpoelec","tag-mppee","tag-sen","tag-sucre","tag-venezuela"],"_links":{"self":[{"href":"https:\/\/mppee.gob.ve\/index.php?rest_route=\/wp\/v2\/posts\/94059","targetHints":{"allow":["GET"]}}],"collection":[{"href":"https:\/\/mppee.gob.ve\/index.php?rest_route=\/wp\/v2\/posts"}],"about":[{"href":"https:\/\/mppee.gob.ve\/index.php?rest_route=\/wp\/v2\/types\/post"}],"author":[{"embeddable":true,"href":"https:\/\/mppee.gob.ve\/index.php?rest_route=\/wp\/v2\/users\/24"}],"replies":[{"embeddable":true,"href":"https:\/\/mppee.gob.ve\/index.php?rest_route=%2Fwp%2Fv2%2Fcomments&post=94059"}],"version-history":[{"count":1,"href":"https:\/\/mppee.gob.ve\/index.php?rest_route=\/wp\/v2\/posts\/94059\/revisions"}],"predecessor-version":[{"id":94061,"href":"https:\/\/mppee.gob.ve\/index.php?rest_route=\/wp\/v2\/posts\/94059\/revisions\/94061"}],"wp:featuredmedia":[{"embeddable":true,"href":"https:\/\/mppee.gob.ve\/index.php?rest_route=\/wp\/v2\/media\/94060"}],"wp:attachment":[{"href":"https:\/\/mppee.gob.ve\/index.php?rest_route=%2Fwp%2Fv2%2Fmedia&parent=94059"}],"wp:term":[{"taxonomy":"category","embeddable":true,"href":"https:\/\/mppee.gob.ve\/index.php?rest_route=%2Fwp%2Fv2%2Fcategories&post=94059"},{"taxonomy":"post_tag","embeddable":true,"href":"https:\/\/mppee.gob.ve\/index.php?rest_route=%2Fwp%2Fv2%2Ftags&post=94059"}],"curies":[{"name":"wp","href":"https:\/\/api.w.org\/{rel}","templated":true}]}}