{"id":94078,"date":"2025-01-27T23:07:23","date_gmt":"2025-01-27T23:07:23","guid":{"rendered":"http:\/\/mppee.gob.ve\/?p=94078"},"modified":"2025-02-03T18:45:39","modified_gmt":"2025-02-03T18:45:39","slug":"inauguran-granja-fotovoltaica-del-complejo-habitacional-bubuqui-en-merida","status":"publish","type":"post","link":"https:\/\/mppee.gob.ve\/?p=94078","title":{"rendered":"Inauguran Granja Fotovoltaica del Complejo Habitacional Bubuqu\u00ed en M\u00e9rida"},"content":{"rendered":"\n<p><strong>Municipio Alberto Adriani, estado M\u00e9rida.- <\/strong>El Gobierno Bolivariano, liderado por el presidente de la Rep\u00fablica, Nicol\u00e1s Maduro, inaugur\u00f3 este lunes la Granja Fotovoltaica \u00abLuz del Alba\u00bb, ubicada en el Complejo Habitacional Bubuqu\u00ed, en El Vig\u00eda, estado M\u00e9rida.<\/p>\n\n\n\n<p>La granja fotovoltaica ubicada en el sector La Pedregosa de la parroquia Presidente P\u00e1ez, del municipio Alberto Adriani, forma parte de la activaci\u00f3n de la 2T de las 7 Grandes Transformaciones denominada: \u201cCiudad Humana para el Buen Vivir: Servicios P\u00fablicos e Infraestructura\u201d.<\/p>\n\n\n\n<p>Desde la estaci\u00f3n \u00abEl Cojo\u00bb del Sistema Telef\u00e9rico Warairarepano \u2013 Macuto, ubicado en el estado La Guaira, el presidente de la Rep\u00fablica, Nicol\u00e1s Maduro, record\u00f3 que esta inauguraci\u00f3n es parte del compromiso adquirido durante la campa\u00f1a presidencial como parte de un plan de inversiones en generaci\u00f3n de energ\u00eda solar para el pa\u00eds.<\/p>\n\n\n\n<p>\u201cEn el sector Bubuqu\u00ed II, estamos inaugurando la primera granja fotovoltaica. Las inversiones comprometidas durante la campa\u00f1a electoral la vamos a cumplir plenamente y vamos a colocar energ\u00eda solar en puntos estrat\u00e9gicos del occidente y del centro del pa\u00eds para seguir estabilizando la energ\u00eda el\u00e9ctrica y la seguridad el\u00e9ctrica del pa\u00eds\u201d, afirm\u00f3 el jefe de Estado.<\/p>\n\n\n\n<p>Este novedoso espacio que fue intervenido por la Gran Misi\u00f3n Barrio Nuevo Barrio Tricolor y la Gran Misi\u00f3n Venezuela Bella, garantiza la energ\u00eda el\u00e9ctrica al sistema de bombeo en 47 edificios, inform\u00f3 el gobernador Jehyson Guzm\u00e1n, durante la inauguraci\u00f3n.<\/p>\n\n\n\n<p>Tambi\u00e9n, indic\u00f3 que, gracias a los convenios de China y Venezuela en materia de energ\u00eda el\u00e9ctrica, \u201cya ha llegado a M\u00e9rida para iniciar la fase de instalaci\u00f3n de 50 megavatios de energ\u00eda para nuestro estado\u201d.<\/p>\n\n\n\n<p>Por su parte, Marielys Sacipa, gerente Territorial de la Corporaci\u00f3n El\u00e9ctrica Nacional (Corpoelec) en el estado M\u00e9rida, detall\u00f3 que esta granja solar es la m\u00e1s grande de Venezuela con 1.207 paneles instalados para atender 14 sistemas de bombeos (3 pozos profundos y 11 sistemas de bombeo) que atienden a 720 apartamentos donde se rehabilitaron m\u00e1s de 11 mil metros cuadrados de impermeabilizaci\u00f3n.<\/p>\n\n\n\n<p>Resalt\u00f3 que \u201clos paneles solares son ensamblados en territorio venezolano\u201d y con mano de obra venezolana. Con este accionar se ha mejorado en 1000% el sistema de agua potable.<\/p>\n\n\n\n<p>En tanto, Nancy Ospino, vocera de la Comuna \u00abLuz del Alba\u00bb, precis\u00f3 que a partir de la puesta en marcha de la granja fotovoltaica 2.290 familias que gozan del servicio del agua de manera continua.<\/p>\n\n\n\n<p>Durante su Mensaje Anual a la Naci\u00f3n, el jefe de Estado, el pasado 15 de enero, orden\u00f3 el reimpulso de los servicios p\u00fablicos desde la atenci\u00f3n social con una mirada comunal territorial de base e implementando herramientas como la Inteligencia Artificial (IA).<\/p>\n\n\n\n<p><strong>Prensa MPPEE &#8211; Corpoelec \/ Rosiris Ortega<\/strong><\/p>\n","protected":false},"excerpt":{"rendered":"<p>Municipio Alberto Adriani, estado M\u00e9rida.- El Gobierno Bolivariano, liderado por el presidente de la Rep\u00fablica, Nicol\u00e1s Maduro, inaugur\u00f3 este lunes<\/p>\n","protected":false},"author":24,"featured_media":94079,"comment_status":"closed","ping_status":"closed","sticky":false,"template":"","format":"standard","meta":{"footnotes":""},"categories":[1,15,30,7],"tags":[2922,2921,2742],"class_list":["post-94078","post","type-post","status-publish","format-standard","has-post-thumbnail","hentry","category-mppee","category-nacionales","category-regionales","category-sen","tag-bubuqui","tag-granja-fotovoltaica","tag-merida"],"_links":{"self":[{"href":"https:\/\/mppee.gob.ve\/index.php?rest_route=\/wp\/v2\/posts\/94078","targetHints":{"allow":["GET"]}}],"collection":[{"href":"https:\/\/mppee.gob.ve\/index.php?rest_route=\/wp\/v2\/posts"}],"about":[{"href":"https:\/\/mppee.gob.ve\/index.php?rest_route=\/wp\/v2\/types\/post"}],"author":[{"embeddable":true,"href":"https:\/\/mppee.gob.ve\/index.php?rest_route=\/wp\/v2\/users\/24"}],"replies":[{"embeddable":true,"href":"https:\/\/mppee.gob.ve\/index.php?rest_route=%2Fwp%2Fv2%2Fcomments&post=94078"}],"version-history":[{"count":5,"href":"https:\/\/mppee.gob.ve\/index.php?rest_route=\/wp\/v2\/posts\/94078\/revisions"}],"predecessor-version":[{"id":94337,"href":"https:\/\/mppee.gob.ve\/index.php?rest_route=\/wp\/v2\/posts\/94078\/revisions\/94337"}],"wp:featuredmedia":[{"embeddable":true,"href":"https:\/\/mppee.gob.ve\/index.php?rest_route=\/wp\/v2\/media\/94079"}],"wp:attachment":[{"href":"https:\/\/mppee.gob.ve\/index.php?rest_route=%2Fwp%2Fv2%2Fmedia&parent=94078"}],"wp:term":[{"taxonomy":"category","embeddable":true,"href":"https:\/\/mppee.gob.ve\/index.php?rest_route=%2Fwp%2Fv2%2Fcategories&post=94078"},{"taxonomy":"post_tag","embeddable":true,"href":"https:\/\/mppee.gob.ve\/index.php?rest_route=%2Fwp%2Fv2%2Ftags&post=94078"}],"curies":[{"name":"wp","href":"https:\/\/api.w.org\/{rel}","templated":true}]}}