{"id":94118,"date":"2025-01-28T15:29:39","date_gmt":"2025-01-28T15:29:39","guid":{"rendered":"http:\/\/mppee.gob.ve\/?p=94118"},"modified":"2025-01-28T15:29:41","modified_gmt":"2025-01-28T15:29:41","slug":"mas-de-250-mil-larenses-beneficiados-con-labores-correctivas-en-la-subestacion-quibor","status":"publish","type":"post","link":"https:\/\/mppee.gob.ve\/?p=94118","title":{"rendered":"M\u00e1s de 250 mil larenses beneficiados con labores correctivas en la Subestaci\u00f3n Qu\u00edbor"},"content":{"rendered":"\n<p><strong>Estado Lara.- <\/strong>Para fortalecer y garantizar el servicio el\u00e9ctrico a m\u00e1s de 250 mil larenses, la clase trabajadora de la Corporaci\u00f3n El\u00e9ctrica Nacional (Corpoelec) realiz\u00f3 adecuaciones y sustituci\u00f3n de equipos en la Subestaci\u00f3n El\u00e9ctrica Qu\u00edbor en 115\/24 kV, situada en el municipio Jim\u00e9nez.<\/p>\n\n\n\n<p>Las labores especializadas desarrolladas por el personal de la Gerencia de Transmisi\u00f3n Lara, contemplaron la sustituci\u00f3n de equipos electr\u00f3nicos de protecciones y potencia, as\u00ed como tambi\u00e9n correcci\u00f3n de punto caliente e inspecci\u00f3n termogr\u00e1fica en los patios de la instalaci\u00f3n el\u00e9ctrica.<\/p>\n\n\n\n<p>Estas maniobras forman parte del Plan de Mantenimiento y Adecuaci\u00f3n de Subestaciones El\u00e9ctricas, para garantizar la m\u00e1xima operatividad de la subestaci\u00f3n, con impacto positivo en los habitantes de las parroquias Juan Bautista Rodr\u00edguez, Tintorero y Coronel Mariano Peraza.<\/p>\n\n\n\n<p>Con estas jornadas, el Ministerio del Poder Popular para la Energ\u00eda El\u00e9ctrica (MPPEE) a trav\u00e9s de Corpoelec, avanza con acciones eficientes y concretas que apuntan a la estabilizaci\u00f3n y consolidaci\u00f3n del Sistema El\u00e9ctrico Nacional (SEN).<\/p>\n\n\n\n<p><strong>Prensa MPPEE-Corpoelec<\/strong><\/p>\n","protected":false},"excerpt":{"rendered":"<p>Estado Lara.- Para fortalecer y garantizar el servicio el\u00e9ctrico a m\u00e1s de 250 mil larenses, la clase trabajadora de la<\/p>\n","protected":false},"author":24,"featured_media":94119,"comment_status":"closed","ping_status":"closed","sticky":false,"template":"","format":"standard","meta":{"footnotes":""},"categories":[1,30,7],"tags":[2691,2690,11,2744,46],"class_list":["post-94118","post","type-post","status-publish","format-standard","has-post-thumbnail","hentry","category-mppee","category-regionales","category-sen","tag-corpoelec","tag-lara","tag-mppee","tag-sen","tag-venezuela"],"_links":{"self":[{"href":"https:\/\/mppee.gob.ve\/index.php?rest_route=\/wp\/v2\/posts\/94118","targetHints":{"allow":["GET"]}}],"collection":[{"href":"https:\/\/mppee.gob.ve\/index.php?rest_route=\/wp\/v2\/posts"}],"about":[{"href":"https:\/\/mppee.gob.ve\/index.php?rest_route=\/wp\/v2\/types\/post"}],"author":[{"embeddable":true,"href":"https:\/\/mppee.gob.ve\/index.php?rest_route=\/wp\/v2\/users\/24"}],"replies":[{"embeddable":true,"href":"https:\/\/mppee.gob.ve\/index.php?rest_route=%2Fwp%2Fv2%2Fcomments&post=94118"}],"version-history":[{"count":1,"href":"https:\/\/mppee.gob.ve\/index.php?rest_route=\/wp\/v2\/posts\/94118\/revisions"}],"predecessor-version":[{"id":94120,"href":"https:\/\/mppee.gob.ve\/index.php?rest_route=\/wp\/v2\/posts\/94118\/revisions\/94120"}],"wp:featuredmedia":[{"embeddable":true,"href":"https:\/\/mppee.gob.ve\/index.php?rest_route=\/wp\/v2\/media\/94119"}],"wp:attachment":[{"href":"https:\/\/mppee.gob.ve\/index.php?rest_route=%2Fwp%2Fv2%2Fmedia&parent=94118"}],"wp:term":[{"taxonomy":"category","embeddable":true,"href":"https:\/\/mppee.gob.ve\/index.php?rest_route=%2Fwp%2Fv2%2Fcategories&post=94118"},{"taxonomy":"post_tag","embeddable":true,"href":"https:\/\/mppee.gob.ve\/index.php?rest_route=%2Fwp%2Fv2%2Ftags&post=94118"}],"curies":[{"name":"wp","href":"https:\/\/api.w.org\/{rel}","templated":true}]}}