{"id":94122,"date":"2025-01-28T16:10:32","date_gmt":"2025-01-28T16:10:32","guid":{"rendered":"http:\/\/mppee.gob.ve\/?p=94122"},"modified":"2025-01-28T16:10:34","modified_gmt":"2025-01-28T16:10:34","slug":"plan-integral-de-iluminacion-de-vias-expresas-beneficia-a-mas-de-24-mil-portuguesenos","status":"publish","type":"post","link":"https:\/\/mppee.gob.ve\/?p=94122","title":{"rendered":"Plan Integral de Iluminaci\u00f3n de V\u00edas Expresas beneficia a m\u00e1s de 24 mil portuguese\u00f1os"},"content":{"rendered":"\n<p><strong>Estado Portuguesa.- <\/strong>En aras de brindar bienestar y seguridad a m\u00e1s de 24 mil habitantes del estado Portuguesa, la Corporaci\u00f3n El\u00e9ctrica Nacional (Corpoelec) instal\u00f3 un total de 510 l\u00e1mparas LED en los municipios Guanare y P\u00e1ez, como parte del Plan Integral de Iluminaci\u00f3n de V\u00edas Expresas.<\/p>\n\n\n\n<p>Las labores favorecen a los residentes de la parroquia Quebrada de La Virgen, as\u00ed como tambi\u00e9n a los habitantes que transitan a trav\u00e9s de la avenida Circunvalaci\u00f3n Norte, en la ciudad de Acarigua.<\/p>\n\n\n\n<p>Durante esta jornada, realizada conjuntamente con el equipo de Redes El\u00e9ctricas de la Gobernaci\u00f3n y la Alcald\u00eda Bolivariana, se revis\u00f3 y adecu\u00f3 el sistema de alumbrado para garantizar el \u00f3ptimo funcionamiento de las luminarias de alto rendimiento.<\/p>\n\n\n\n<p>Mar\u00eda Parra, residente de la poblaci\u00f3n El Mam\u00f3n, manifest\u00f3 que \u201cnos sentimos muy complacidos con la instalaci\u00f3n de estas l\u00e1mparas, el tener espacios iluminados brinda mayor tranquilidad y seguridad\u201d, destac\u00f3.<\/p>\n\n\n\n<p>Corpoelec se mantiene desplegado en la entidad llanera con el prop\u00f3sito de mantener el servicio de alumbrado p\u00fablico y el suministro de energ\u00eda en la entidad llanera.<\/p>\n\n\n\n<p><strong>Prensa MPPEE-Corpoelec<\/strong><\/p>\n","protected":false},"excerpt":{"rendered":"<p>Estado Portuguesa.- En aras de brindar bienestar y seguridad a m\u00e1s de 24 mil habitantes del estado Portuguesa, la Corporaci\u00f3n<\/p>\n","protected":false},"author":24,"featured_media":94123,"comment_status":"closed","ping_status":"closed","sticky":false,"template":"","format":"standard","meta":{"footnotes":""},"categories":[1,30,7],"tags":[2691,11,2725,2744,46],"class_list":["post-94122","post","type-post","status-publish","format-standard","has-post-thumbnail","hentry","category-mppee","category-regionales","category-sen","tag-corpoelec","tag-mppee","tag-portuguesa","tag-sen","tag-venezuela"],"_links":{"self":[{"href":"https:\/\/mppee.gob.ve\/index.php?rest_route=\/wp\/v2\/posts\/94122","targetHints":{"allow":["GET"]}}],"collection":[{"href":"https:\/\/mppee.gob.ve\/index.php?rest_route=\/wp\/v2\/posts"}],"about":[{"href":"https:\/\/mppee.gob.ve\/index.php?rest_route=\/wp\/v2\/types\/post"}],"author":[{"embeddable":true,"href":"https:\/\/mppee.gob.ve\/index.php?rest_route=\/wp\/v2\/users\/24"}],"replies":[{"embeddable":true,"href":"https:\/\/mppee.gob.ve\/index.php?rest_route=%2Fwp%2Fv2%2Fcomments&post=94122"}],"version-history":[{"count":1,"href":"https:\/\/mppee.gob.ve\/index.php?rest_route=\/wp\/v2\/posts\/94122\/revisions"}],"predecessor-version":[{"id":94124,"href":"https:\/\/mppee.gob.ve\/index.php?rest_route=\/wp\/v2\/posts\/94122\/revisions\/94124"}],"wp:featuredmedia":[{"embeddable":true,"href":"https:\/\/mppee.gob.ve\/index.php?rest_route=\/wp\/v2\/media\/94123"}],"wp:attachment":[{"href":"https:\/\/mppee.gob.ve\/index.php?rest_route=%2Fwp%2Fv2%2Fmedia&parent=94122"}],"wp:term":[{"taxonomy":"category","embeddable":true,"href":"https:\/\/mppee.gob.ve\/index.php?rest_route=%2Fwp%2Fv2%2Fcategories&post=94122"},{"taxonomy":"post_tag","embeddable":true,"href":"https:\/\/mppee.gob.ve\/index.php?rest_route=%2Fwp%2Fv2%2Ftags&post=94122"}],"curies":[{"name":"wp","href":"https:\/\/api.w.org\/{rel}","templated":true}]}}