{"id":94148,"date":"2025-01-29T00:16:14","date_gmt":"2025-01-29T00:16:14","guid":{"rendered":"http:\/\/mppee.gob.ve\/?p=94148"},"modified":"2025-02-03T14:16:05","modified_gmt":"2025-02-03T14:16:05","slug":"ministro-marquez-integrara-secretaria-del-consejo-federal-de-gobierno-2025","status":"publish","type":"post","link":"https:\/\/mppee.gob.ve\/?p=94148","title":{"rendered":"Ministro M\u00e1rquez integrar\u00e1 secretar\u00eda del Consejo Federal de Gobierno 2025"},"content":{"rendered":"\n<p><strong>Palacio de Miraflores, Caracas.-<\/strong> El presidente de la Rep\u00fablica, Nicol\u00e1s Maduro, design\u00f3 los responsables que asumir\u00e1n la Secretar\u00eda del Consejo Federal de Gobierno 2025, con el prop\u00f3sito de coordinar y planificar las pol\u00edticas y acciones que tributen al desarrollo del proceso de descentralizaci\u00f3n y transferencia de competencias del Ejecutivo Nacional a los estados, municipios, Consejos Comunales y organizaciones del Poder Popular.<\/p>\n\n\n\n<p>Desde el sal\u00f3n Ezequiel Zamora, ubicado en el Palacio Blanco en Caracas, el Mandatario inform\u00f3 que esta instancia estar\u00e1 conformada por la vicepresidenta Ejecutiva de la Rep\u00fablica, Delcy Rodr\u00edguez; el secretario del Consejo Federal de Gobierno y Fondo de Compensaci\u00f3n Interterritorial, Leonardo Montezuma Ruiz; y en representaci\u00f3n de los ministros y ministras, Jorge M\u00e1rquez, ministro del Poder Popular para la Energ\u00eda El\u00e9ctrica y Gabriela Jim\u00e9nez, ministra del Poder Popular para Ciencia y Tecnolog\u00eda.<\/p>\n\n\n\n<p>Asimismo, los gobernadores Antonio Primitivo Cede\u00f1o (Portuguesa), Ernesto Luna (Monagas) y Jos\u00e9 Alberto Galindez (Cojedes), asumir\u00e1n tareas a desarrollar en esta secretar\u00eda.<\/p>\n\n\n\n<p>Mientras que, en representaci\u00f3n de las alcald\u00edas del pa\u00eds se encuentran Carmen Teresa Mel\u00e9ndez, alcaldesa del Municipio Bolivariano Libertador de Caracas, Luis Caldera, alcalde del municipio Mara del Zulia, y por el estado Nueva Esparta, asume David Morel Rodr\u00edguez, alcalde del municipio Maneiro.<\/p>\n\n\n\n<p>El Consejo Federal de Gobierno es un organismo compuesto por los poderes municipales, estadales y nacionales de la Rep\u00fablica Bolivariana de Venezuela, cuyo objetivo es profundizar el proceso descentralizador del Estado.<\/p>\n\n\n\n<p>Tiene su basamento constitucional en el art\u00edculo 185 y en la Ley Org\u00e1nica del Consejo Federal de Gobierno, que entr\u00f3 en vigencia durante la presidencia del comandante Hugo Ch\u00e1vez, espec\u00edficamente el 22 de febrero de 2010.<\/p>\n\n\n\n<p>Los anuncios los dio a conocer el presidente Maduro, este martes, durante una actividad transmitida por Venezolana de Televisi\u00f3n.<\/p>\n\n\n\n<p><strong>Prensa MPPEE-Corpoelec<\/strong><\/p>\n","protected":false},"excerpt":{"rendered":"<p>Palacio de Miraflores, Caracas.- El presidente de la Rep\u00fablica, Nicol\u00e1s Maduro, design\u00f3 los responsables que asumir\u00e1n la Secretar\u00eda del Consejo<\/p>\n","protected":false},"author":24,"featured_media":94149,"comment_status":"closed","ping_status":"closed","sticky":false,"template":"","format":"standard","meta":{"footnotes":""},"categories":[1,15],"tags":[111,2929],"class_list":["post-94148","post","type-post","status-publish","format-standard","has-post-thumbnail","hentry","category-mppee","category-nacionales","tag-caracas","tag-consejo-federal-de-gobierno"],"_links":{"self":[{"href":"https:\/\/mppee.gob.ve\/index.php?rest_route=\/wp\/v2\/posts\/94148","targetHints":{"allow":["GET"]}}],"collection":[{"href":"https:\/\/mppee.gob.ve\/index.php?rest_route=\/wp\/v2\/posts"}],"about":[{"href":"https:\/\/mppee.gob.ve\/index.php?rest_route=\/wp\/v2\/types\/post"}],"author":[{"embeddable":true,"href":"https:\/\/mppee.gob.ve\/index.php?rest_route=\/wp\/v2\/users\/24"}],"replies":[{"embeddable":true,"href":"https:\/\/mppee.gob.ve\/index.php?rest_route=%2Fwp%2Fv2%2Fcomments&post=94148"}],"version-history":[{"count":2,"href":"https:\/\/mppee.gob.ve\/index.php?rest_route=\/wp\/v2\/posts\/94148\/revisions"}],"predecessor-version":[{"id":94303,"href":"https:\/\/mppee.gob.ve\/index.php?rest_route=\/wp\/v2\/posts\/94148\/revisions\/94303"}],"wp:featuredmedia":[{"embeddable":true,"href":"https:\/\/mppee.gob.ve\/index.php?rest_route=\/wp\/v2\/media\/94149"}],"wp:attachment":[{"href":"https:\/\/mppee.gob.ve\/index.php?rest_route=%2Fwp%2Fv2%2Fmedia&parent=94148"}],"wp:term":[{"taxonomy":"category","embeddable":true,"href":"https:\/\/mppee.gob.ve\/index.php?rest_route=%2Fwp%2Fv2%2Fcategories&post=94148"},{"taxonomy":"post_tag","embeddable":true,"href":"https:\/\/mppee.gob.ve\/index.php?rest_route=%2Fwp%2Fv2%2Ftags&post=94148"}],"curies":[{"name":"wp","href":"https:\/\/api.w.org\/{rel}","templated":true}]}}