{"id":94152,"date":"2025-01-29T14:03:35","date_gmt":"2025-01-29T14:03:35","guid":{"rendered":"http:\/\/mppee.gob.ve\/?p=94152"},"modified":"2025-01-29T14:03:37","modified_gmt":"2025-01-29T14:03:37","slug":"bloque-social-de-corpoelec-debate-propuestas-de-energia-electrica-en-bolivar","status":"publish","type":"post","link":"https:\/\/mppee.gob.ve\/?p=94152","title":{"rendered":"Bloque Social de Corpoelec debate propuestas de energ\u00eda el\u00e9ctrica en Bol\u00edvar"},"content":{"rendered":"\n<p><strong>Estado Bol\u00edvar.-<\/strong> El Bloque Social de la Corporaci\u00f3n El\u00e9ctrica Nacional (Corpoelec) se despleg\u00f3 en la parroquia Dalla Costa, con el objetivo de profundizar en la discusi\u00f3n de los motores productivos, que permitan la construcci\u00f3n en materia de energ\u00eda el\u00e9ctrica.<\/p>\n\n\n\n<p>El despliegue realizado en diversas zonas de la parroquia, reuni\u00f3 a los integrantes de los Consejos Comunales de Nueva Esperanza, Andr\u00e9s Bello IV, Sabana de Piedra Poligonal I, Campo Rojo II, Do\u00f1a B\u00e1rbara, Do\u00f1a B\u00e1rbara III, La Fe, Nueva Senda, Bella Angostura, Angostura Guaiparito, Cantaclaro, Nuevo Mundo III, Nuevo Mundo I, UD-150, UD-145, Andr\u00e9s Bello II y La Pila.<\/p>\n\n\n\n<p>El prop\u00f3sito fue crear estrategias que permitan avanzar en el debate de proyectos en materia de energ\u00eda el\u00e9ctrica que tributen al buen funcionamiento del servicio en las comunidades de la entidad.<\/p>\n\n\n\n<p>Estas asambleas comunales buscan incluir los 253 circuitos ubicados en la zona geogr\u00e1fica del estado Bol\u00edvar, priorizando una interacci\u00f3n directa con los l\u00edderes comunitarios para identificar y atender sus requerimientos.<\/p>\n\n\n\n<p>Corpoelec reafirma su compromiso de fortalecer los 13 motores productivos, para impulsar la amplia participaci\u00f3n en la Tercera Consulta Popular Nacional de las Comunas.<\/p>\n\n\n\n<p><strong>Prensa MPPEE-Corpoelec<\/strong><\/p>\n","protected":false},"excerpt":{"rendered":"<p>Estado Bol\u00edvar.- El Bloque Social de la Corporaci\u00f3n El\u00e9ctrica Nacional (Corpoelec) se despleg\u00f3 en la parroquia Dalla Costa, con el<\/p>\n","protected":false},"author":24,"featured_media":94153,"comment_status":"closed","ping_status":"closed","sticky":false,"template":"","format":"standard","meta":{"footnotes":""},"categories":[1,30],"tags":[2723,2691,11,2744,46],"class_list":["post-94152","post","type-post","status-publish","format-standard","has-post-thumbnail","hentry","category-mppee","category-regionales","tag-bolivar","tag-corpoelec","tag-mppee","tag-sen","tag-venezuela"],"_links":{"self":[{"href":"https:\/\/mppee.gob.ve\/index.php?rest_route=\/wp\/v2\/posts\/94152","targetHints":{"allow":["GET"]}}],"collection":[{"href":"https:\/\/mppee.gob.ve\/index.php?rest_route=\/wp\/v2\/posts"}],"about":[{"href":"https:\/\/mppee.gob.ve\/index.php?rest_route=\/wp\/v2\/types\/post"}],"author":[{"embeddable":true,"href":"https:\/\/mppee.gob.ve\/index.php?rest_route=\/wp\/v2\/users\/24"}],"replies":[{"embeddable":true,"href":"https:\/\/mppee.gob.ve\/index.php?rest_route=%2Fwp%2Fv2%2Fcomments&post=94152"}],"version-history":[{"count":1,"href":"https:\/\/mppee.gob.ve\/index.php?rest_route=\/wp\/v2\/posts\/94152\/revisions"}],"predecessor-version":[{"id":94154,"href":"https:\/\/mppee.gob.ve\/index.php?rest_route=\/wp\/v2\/posts\/94152\/revisions\/94154"}],"wp:featuredmedia":[{"embeddable":true,"href":"https:\/\/mppee.gob.ve\/index.php?rest_route=\/wp\/v2\/media\/94153"}],"wp:attachment":[{"href":"https:\/\/mppee.gob.ve\/index.php?rest_route=%2Fwp%2Fv2%2Fmedia&parent=94152"}],"wp:term":[{"taxonomy":"category","embeddable":true,"href":"https:\/\/mppee.gob.ve\/index.php?rest_route=%2Fwp%2Fv2%2Fcategories&post=94152"},{"taxonomy":"post_tag","embeddable":true,"href":"https:\/\/mppee.gob.ve\/index.php?rest_route=%2Fwp%2Fv2%2Ftags&post=94152"}],"curies":[{"name":"wp","href":"https:\/\/api.w.org\/{rel}","templated":true}]}}