{"id":94217,"date":"2025-01-30T18:44:42","date_gmt":"2025-01-30T18:44:42","guid":{"rendered":"http:\/\/mppee.gob.ve\/?p=94217"},"modified":"2025-01-30T18:44:43","modified_gmt":"2025-01-30T18:44:43","slug":"instalacion-de-140-transformadores-favorece-a-familias-sucrenses","status":"publish","type":"post","link":"https:\/\/mppee.gob.ve\/?p=94217","title":{"rendered":"Instalaci\u00f3n de 140 transformadores favorece a familias sucrenses"},"content":{"rendered":"\n<p><strong>Estado Sucre.-<\/strong> En aras de optimizar el servicio el\u00e9ctrico en sectores populares de la entidad sucrense, la Corporaci\u00f3n El\u00e9ctrica Nacional (Corpoelec), instal\u00f3 140 transformadores de diferentes capacidades que favorecen a m\u00e1s de 7 mil familias del estado oriental.<\/p>\n\n\n\n<p>La adecuaci\u00f3n de diferentes equipos de transformaci\u00f3n de 25, 50, 37.5 y 100 KVA, fueron ejecutadas para optimizar la prestaci\u00f3n del servicio el\u00e9ctrico en las comunidades sucrenses.<\/p>\n\n\n\n<p>La atenci\u00f3n fortalece el sistema de distribuci\u00f3n de la energ\u00eda en los municipios Sucre, Arismendi, Cruz Salmer\u00f3n Acosta, Mej\u00edas, Berm\u00fadez, Andr\u00e9s Mata, Ben\u00edtez, Andr\u00e9s Eloy Blanco, Valdez, Bol\u00edvar, Ribero, Mari\u00f1o, Montes y Libertador, abarcando un amplio territorio.<\/p>\n\n\n\n<p>Daysi Josefina Marcano, habitante de la comunidad El Mayar Abajo, manifest\u00f3 su agradecimiento a Corpoelec. \u201cEn la comunidad El Mayar Abajo, nos sentimos sumamente agradecidos con la instalaci\u00f3n de los transformadores de distribuci\u00f3n, esto nos garantiza a nosotros un servicio el\u00e9ctrico estable, continuo y eficiente\u201d.<\/p>\n\n\n\n<p>Corpoelec contin\u00faa sumando esfuerzos significativos para mejorar la calidad del servicio el\u00e9ctrico en el estado Sucre de manera estable, confiable y eficiente.<\/p>\n\n\n\n<p><strong>Prensa MPPEE-Corpoelec<\/strong><\/p>\n","protected":false},"excerpt":{"rendered":"<p>Estado Sucre.- En aras de optimizar el servicio el\u00e9ctrico en sectores populares de la entidad sucrense, la Corporaci\u00f3n El\u00e9ctrica Nacional<\/p>\n","protected":false},"author":24,"featured_media":94218,"comment_status":"closed","ping_status":"closed","sticky":false,"template":"","format":"standard","meta":{"footnotes":""},"categories":[1,30],"tags":[2691,11,2744,2693,46],"class_list":["post-94217","post","type-post","status-publish","format-standard","has-post-thumbnail","hentry","category-mppee","category-regionales","tag-corpoelec","tag-mppee","tag-sen","tag-sucre","tag-venezuela"],"_links":{"self":[{"href":"https:\/\/mppee.gob.ve\/index.php?rest_route=\/wp\/v2\/posts\/94217","targetHints":{"allow":["GET"]}}],"collection":[{"href":"https:\/\/mppee.gob.ve\/index.php?rest_route=\/wp\/v2\/posts"}],"about":[{"href":"https:\/\/mppee.gob.ve\/index.php?rest_route=\/wp\/v2\/types\/post"}],"author":[{"embeddable":true,"href":"https:\/\/mppee.gob.ve\/index.php?rest_route=\/wp\/v2\/users\/24"}],"replies":[{"embeddable":true,"href":"https:\/\/mppee.gob.ve\/index.php?rest_route=%2Fwp%2Fv2%2Fcomments&post=94217"}],"version-history":[{"count":1,"href":"https:\/\/mppee.gob.ve\/index.php?rest_route=\/wp\/v2\/posts\/94217\/revisions"}],"predecessor-version":[{"id":94219,"href":"https:\/\/mppee.gob.ve\/index.php?rest_route=\/wp\/v2\/posts\/94217\/revisions\/94219"}],"wp:featuredmedia":[{"embeddable":true,"href":"https:\/\/mppee.gob.ve\/index.php?rest_route=\/wp\/v2\/media\/94218"}],"wp:attachment":[{"href":"https:\/\/mppee.gob.ve\/index.php?rest_route=%2Fwp%2Fv2%2Fmedia&parent=94217"}],"wp:term":[{"taxonomy":"category","embeddable":true,"href":"https:\/\/mppee.gob.ve\/index.php?rest_route=%2Fwp%2Fv2%2Fcategories&post=94217"},{"taxonomy":"post_tag","embeddable":true,"href":"https:\/\/mppee.gob.ve\/index.php?rest_route=%2Fwp%2Fv2%2Ftags&post=94217"}],"curies":[{"name":"wp","href":"https:\/\/api.w.org\/{rel}","templated":true}]}}