{"id":94239,"date":"2025-01-31T15:10:03","date_gmt":"2025-01-31T15:10:03","guid":{"rendered":"http:\/\/mppee.gob.ve\/?p=94239"},"modified":"2025-01-31T15:10:05","modified_gmt":"2025-01-31T15:10:05","slug":"mas-de-600-familias-favorecidas-con-instalacion-de-transformadores-en-portuguesa","status":"publish","type":"post","link":"https:\/\/mppee.gob.ve\/?p=94239","title":{"rendered":"M\u00e1s de 600 familias favorecidas con instalaci\u00f3n de transformadores en Portuguesa"},"content":{"rendered":"\n<p><strong>Estado Portuguesa.-<\/strong> Con el prop\u00f3sito de fortalecer el suministro del servicio el\u00e9ctrico a m\u00e1s de 650 familias, la clase trabajadora de la Corporaci\u00f3n El\u00e9ctrica Nacional (Corpoelec) sustituy\u00f3 un total de 16 transformadores en sectores de ocho municipios del estado Portuguesa.<\/p>\n\n\n\n<p>La puesta en funcionamiento de estos nuevos dispositivos favorece a los habitantes de las comunidades El Cambio, Loma Larga, Liceta, Colonia Agr\u00edcola, Paricua, Palmarito, Santa Luc\u00eda del Llano, El Consuelo, Valle Arriba, Campo Lindo, Curazao y Tejerias de los municipios Araure, P\u00e1ez, Guanare, Tur\u00e9n, Esteller, Sucre, San Rafael de Onoto y Ospino.<\/p>\n\n\n\n<p>Como parte de las atenciones, destaca el montaje de equipos con capacidades de 25 y 37.5kVA en los caser\u00edos Potricos y Trincheras, como respuesta a la ejecuci\u00f3n de los proyectos aprobados en la Segunda Consulta Popular Nacional.<\/p>\n\n\n\n<p>Igualmente, se efectuaron adecuaciones de voltaje con aumento de TAC, as\u00ed como el cambio de componentes el\u00e9ctricos, para garantizar la operatividad \u00f3ptima del sistema de distribuci\u00f3n en las zonas de la entidad llanaera.<\/p>\n\n\n\n<p>Yurbi Navarro, habitante del caser\u00edo Trincheras, agradeci\u00f3 que \u201cestamos muy contentos porque fuimos atendidos con el reemplazo de un transformador de manera inmediata gracias al Sistema 1&#215;10 del Buen Gobierno, orientado a mejorar nuestra calidad de vida\u201d, asegur\u00f3.<\/p>\n\n\n\n<p><strong>Prensa MPPEE-Corpoelec<\/strong><\/p>\n","protected":false},"excerpt":{"rendered":"<p>Estado Portuguesa.- Con el prop\u00f3sito de fortalecer el suministro del servicio el\u00e9ctrico a m\u00e1s de 650 familias, la clase trabajadora<\/p>\n","protected":false},"author":24,"featured_media":94240,"comment_status":"closed","ping_status":"closed","sticky":false,"template":"","format":"standard","meta":{"footnotes":""},"categories":[1,30],"tags":[2691,11,2725,2744,46],"class_list":["post-94239","post","type-post","status-publish","format-standard","has-post-thumbnail","hentry","category-mppee","category-regionales","tag-corpoelec","tag-mppee","tag-portuguesa","tag-sen","tag-venezuela"],"_links":{"self":[{"href":"https:\/\/mppee.gob.ve\/index.php?rest_route=\/wp\/v2\/posts\/94239","targetHints":{"allow":["GET"]}}],"collection":[{"href":"https:\/\/mppee.gob.ve\/index.php?rest_route=\/wp\/v2\/posts"}],"about":[{"href":"https:\/\/mppee.gob.ve\/index.php?rest_route=\/wp\/v2\/types\/post"}],"author":[{"embeddable":true,"href":"https:\/\/mppee.gob.ve\/index.php?rest_route=\/wp\/v2\/users\/24"}],"replies":[{"embeddable":true,"href":"https:\/\/mppee.gob.ve\/index.php?rest_route=%2Fwp%2Fv2%2Fcomments&post=94239"}],"version-history":[{"count":1,"href":"https:\/\/mppee.gob.ve\/index.php?rest_route=\/wp\/v2\/posts\/94239\/revisions"}],"predecessor-version":[{"id":94241,"href":"https:\/\/mppee.gob.ve\/index.php?rest_route=\/wp\/v2\/posts\/94239\/revisions\/94241"}],"wp:featuredmedia":[{"embeddable":true,"href":"https:\/\/mppee.gob.ve\/index.php?rest_route=\/wp\/v2\/media\/94240"}],"wp:attachment":[{"href":"https:\/\/mppee.gob.ve\/index.php?rest_route=%2Fwp%2Fv2%2Fmedia&parent=94239"}],"wp:term":[{"taxonomy":"category","embeddable":true,"href":"https:\/\/mppee.gob.ve\/index.php?rest_route=%2Fwp%2Fv2%2Fcategories&post=94239"},{"taxonomy":"post_tag","embeddable":true,"href":"https:\/\/mppee.gob.ve\/index.php?rest_route=%2Fwp%2Fv2%2Ftags&post=94239"}],"curies":[{"name":"wp","href":"https:\/\/api.w.org\/{rel}","templated":true}]}}