{"id":94383,"date":"2025-02-05T21:36:21","date_gmt":"2025-02-05T21:36:21","guid":{"rendered":"http:\/\/mppee.gob.ve\/?p=94383"},"modified":"2025-02-05T21:36:22","modified_gmt":"2025-02-05T21:36:22","slug":"mantenimiento-a-circuitos-electricos-beneficiara-a-mas-de-60-mil-usuarios-mirandinos","status":"publish","type":"post","link":"https:\/\/mppee.gob.ve\/?p=94383","title":{"rendered":"Mantenimiento a circuitos el\u00e9ctricos beneficiar\u00e1 a m\u00e1s de 60 mil usuarios mirandinos"},"content":{"rendered":"\n<p><strong>Estado Miranda.- <\/strong>La Corporaci\u00f3n El\u00e9ctrica Nacional (Corpoelec) realizar\u00e1 desde el jueves 06 hasta el domingo 09 de febrero trabajos de mantenimiento preventivo en redes el\u00e9ctricas del estado Miranda, para garantizar calidad del servicio el\u00e9ctrico a m\u00e1s de 60 mil usuarios.<\/p>\n\n\n\n<p>Los trabajos coordinados por la Gerencia de Distribuci\u00f3n, iniciar\u00e1n el jueves 06 desde las 9:00 de la ma\u00f1ana hasta las 4:30 de la tarde en el sector Los Pinos v\u00eda principal en el municipio Guaicaipuro, en cumplimiento al Plan de Mantenimiento y Adecuaci\u00f3n de Circuitos El\u00e9ctricos.<\/p>\n\n\n\n<p>El d\u00eda viernes 07 en el horario de 8:30 de la ma\u00f1ana hasta las 3:00 de la tarde, el personal operativo atender\u00e1 el circuito B9 de la Subestaci\u00f3n Trapichito en el sector El Torre\u00f3n dell municipio Plaza.<\/p>\n\n\n\n<p>Seguidamente, la jornada programada para el s\u00e1bado en horario de 8:30 de la ma\u00f1ana hasta las 3:00 de la tarde, se efectuar\u00e1 en el circuito B3 asociado a la subestaci\u00f3n Luis Caraballo en el municipio Zamora, con la reubicaci\u00f3n de un conductor subterr\u00e1neo de 15kVA a red a\u00e9rea, entre los sectores El Marqu\u00e9s y La Mura.&nbsp;<\/p>\n\n\n\n<p>En el eje Valles del Tuy realizar\u00e1n, este s\u00e1bado y domingo, cambio de componentes, instalaci\u00f3n de equipos y despeje de vegetaci\u00f3n, para mejorar el funcionamiento operativo en los circuitos El Palmar, La Mata, Santa Teresa, Ciudad Lozada, Guatopo, Yare y Promotuy.<\/p>\n\n\n\n<p><strong>Prensa MPPEE-Corpoelec<\/strong><\/p>\n\n\n\n<p><\/p>\n","protected":false},"excerpt":{"rendered":"<p>Estado Miranda.- La Corporaci\u00f3n El\u00e9ctrica Nacional (Corpoelec) realizar\u00e1 desde el jueves 06 hasta el domingo 09 de febrero trabajos de<\/p>\n","protected":false},"author":24,"featured_media":94384,"comment_status":"closed","ping_status":"closed","sticky":false,"template":"","format":"standard","meta":{"footnotes":""},"categories":[1,30],"tags":[2691,2709,11,2744,46],"class_list":["post-94383","post","type-post","status-publish","format-standard","has-post-thumbnail","hentry","category-mppee","category-regionales","tag-corpoelec","tag-miranda","tag-mppee","tag-sen","tag-venezuela"],"_links":{"self":[{"href":"https:\/\/mppee.gob.ve\/index.php?rest_route=\/wp\/v2\/posts\/94383","targetHints":{"allow":["GET"]}}],"collection":[{"href":"https:\/\/mppee.gob.ve\/index.php?rest_route=\/wp\/v2\/posts"}],"about":[{"href":"https:\/\/mppee.gob.ve\/index.php?rest_route=\/wp\/v2\/types\/post"}],"author":[{"embeddable":true,"href":"https:\/\/mppee.gob.ve\/index.php?rest_route=\/wp\/v2\/users\/24"}],"replies":[{"embeddable":true,"href":"https:\/\/mppee.gob.ve\/index.php?rest_route=%2Fwp%2Fv2%2Fcomments&post=94383"}],"version-history":[{"count":1,"href":"https:\/\/mppee.gob.ve\/index.php?rest_route=\/wp\/v2\/posts\/94383\/revisions"}],"predecessor-version":[{"id":94385,"href":"https:\/\/mppee.gob.ve\/index.php?rest_route=\/wp\/v2\/posts\/94383\/revisions\/94385"}],"wp:featuredmedia":[{"embeddable":true,"href":"https:\/\/mppee.gob.ve\/index.php?rest_route=\/wp\/v2\/media\/94384"}],"wp:attachment":[{"href":"https:\/\/mppee.gob.ve\/index.php?rest_route=%2Fwp%2Fv2%2Fmedia&parent=94383"}],"wp:term":[{"taxonomy":"category","embeddable":true,"href":"https:\/\/mppee.gob.ve\/index.php?rest_route=%2Fwp%2Fv2%2Fcategories&post=94383"},{"taxonomy":"post_tag","embeddable":true,"href":"https:\/\/mppee.gob.ve\/index.php?rest_route=%2Fwp%2Fv2%2Ftags&post=94383"}],"curies":[{"name":"wp","href":"https:\/\/api.w.org\/{rel}","templated":true}]}}