{"id":94390,"date":"2025-02-06T15:43:16","date_gmt":"2025-02-06T15:43:16","guid":{"rendered":"http:\/\/mppee.gob.ve\/?p=94390"},"modified":"2025-02-06T15:43:19","modified_gmt":"2025-02-06T15:43:19","slug":"jornada-integral-de-atencion-atendera-a-usuarios-barinenses","status":"publish","type":"post","link":"https:\/\/mppee.gob.ve\/?p=94390","title":{"rendered":"Jornada Integral de Atenci\u00f3n atender\u00e1 a usuarios barinenses"},"content":{"rendered":"\n<p><strong>Estado Barinas.- <\/strong>Este viernes 07 de febrero, la Corporaci\u00f3n El\u00e9ctrica Nacional (Corpoelec) llevar\u00e1 a cabo una Jornada Integral de Atenci\u00f3n al Usuario en la comunidad Juan Pablo II, ubicada en la parroquia Ram\u00f3n Ignacio M\u00e9ndez del estado Barinas.<\/p>\n\n\n\n<p>En esta jornada, se ofrecer\u00e1 asistencia personalizada a los habitantes de la zona, quienes podr\u00e1n plantear sus requerimientos y consultas relacionadas con el servicio el\u00e9ctrico.<\/p>\n\n\n\n<p>La iniciativa brinda a los residentes la oportunidad de realizar el pago de sus facturas, actualizar datos y recibir informaci\u00f3n para resolver sus inquietudes, desde las 9:00 de la ma\u00f1ana hasta las 3:00 de la tarde.<\/p>\n\n\n\n<p>Para mayor informaci\u00f3n sobre las Jornadas Integrales de Atenci\u00f3n al Usuario, puede dirigirse a la cuenta @corpoelecinfo en la red social Instagram.<\/p>\n\n\n\n<p><strong>Prensa MPPEE-Corpoelec<\/strong><\/p>\n\n\n\n<p><\/p>\n","protected":false},"excerpt":{"rendered":"<p>Estado Barinas.- Este viernes 07 de febrero, la Corporaci\u00f3n El\u00e9ctrica Nacional (Corpoelec) llevar\u00e1 a cabo una Jornada Integral de Atenci\u00f3n<\/p>\n","protected":false},"author":24,"featured_media":93735,"comment_status":"closed","ping_status":"closed","sticky":false,"template":"","format":"standard","meta":{"footnotes":""},"categories":[1,30],"tags":[2698,2691,11,2744,46],"class_list":["post-94390","post","type-post","status-publish","format-standard","has-post-thumbnail","hentry","category-mppee","category-regionales","tag-barinas","tag-corpoelec","tag-mppee","tag-sen","tag-venezuela"],"_links":{"self":[{"href":"https:\/\/mppee.gob.ve\/index.php?rest_route=\/wp\/v2\/posts\/94390","targetHints":{"allow":["GET"]}}],"collection":[{"href":"https:\/\/mppee.gob.ve\/index.php?rest_route=\/wp\/v2\/posts"}],"about":[{"href":"https:\/\/mppee.gob.ve\/index.php?rest_route=\/wp\/v2\/types\/post"}],"author":[{"embeddable":true,"href":"https:\/\/mppee.gob.ve\/index.php?rest_route=\/wp\/v2\/users\/24"}],"replies":[{"embeddable":true,"href":"https:\/\/mppee.gob.ve\/index.php?rest_route=%2Fwp%2Fv2%2Fcomments&post=94390"}],"version-history":[{"count":1,"href":"https:\/\/mppee.gob.ve\/index.php?rest_route=\/wp\/v2\/posts\/94390\/revisions"}],"predecessor-version":[{"id":94391,"href":"https:\/\/mppee.gob.ve\/index.php?rest_route=\/wp\/v2\/posts\/94390\/revisions\/94391"}],"wp:featuredmedia":[{"embeddable":true,"href":"https:\/\/mppee.gob.ve\/index.php?rest_route=\/wp\/v2\/media\/93735"}],"wp:attachment":[{"href":"https:\/\/mppee.gob.ve\/index.php?rest_route=%2Fwp%2Fv2%2Fmedia&parent=94390"}],"wp:term":[{"taxonomy":"category","embeddable":true,"href":"https:\/\/mppee.gob.ve\/index.php?rest_route=%2Fwp%2Fv2%2Fcategories&post=94390"},{"taxonomy":"post_tag","embeddable":true,"href":"https:\/\/mppee.gob.ve\/index.php?rest_route=%2Fwp%2Fv2%2Ftags&post=94390"}],"curies":[{"name":"wp","href":"https:\/\/api.w.org\/{rel}","templated":true}]}}