{"id":94426,"date":"2025-02-07T18:59:47","date_gmt":"2025-02-07T18:59:47","guid":{"rendered":"http:\/\/mppee.gob.ve\/?p=94426"},"modified":"2025-02-07T18:59:50","modified_gmt":"2025-02-07T18:59:50","slug":"apurenos-seran-atendidos-en-jornada-integral-de-atencion-al-usuario","status":"publish","type":"post","link":"https:\/\/mppee.gob.ve\/?p=94426","title":{"rendered":"Apure\u00f1os ser\u00e1n atendidos en Jornada Integral de Atenci\u00f3n al Usuario"},"content":{"rendered":"\n<p><strong>Estado Apure.-<\/strong> La clase trabajadora de la Corporaci\u00f3n El\u00e9ctrica Nacional (Corpoelec) se desplegar\u00e1 este s\u00e1bado 08 de febrero, a trav\u00e9s de Jornada Integral de Atenci\u00f3n al Usuario en siete municipios del estado Apure.<\/p>\n\n\n\n<p>Durante las jornadas, los usuarios podr\u00e1n realizar pago de sus facturas del servicio de energ\u00eda, recibir asesor\u00eda personalizada y actualizar datos.<\/p>\n\n\n\n<p>Los agentes comerciales de Corpoelec atender\u00e1n desde las 08:00 de la ma\u00f1ana hasta las 02:00 de la tarde, en las siguientes direcciones:<\/p>\n\n\n\n<p>&#8211; Urbanizaci\u00f3n los Tamarindos, parroquia San Fernando, municipio San Fernando.<\/p>\n\n\n\n<p>&#8211; Urbanizaci\u00f3n Las Terrazas, parroquia San Fernando, municipio San Fernando.<\/p>\n\n\n\n<p>&#8211; Urbanizaci\u00f3n Santa B\u00e1rbara, parroquia Achaguas, municipio Achaguas.<\/p>\n\n\n\n<p>&#8211; Entrada a Mantecal frente a la parada Los Pachecos, parroquia Mantecal, municipio Mu\u00f1oz.<\/p>\n\n\n\n<p>&#8211; Avenida Urbino Ruiz, parroquia Elorza, municipio R\u00f3mulo Gallegos.<\/p>\n\n\n\n<p>&#8211; Calle Cede\u00f1o frente Agropecuaria D\u00edaz P\u00e9rez, parroquia Guasdualito, municipio P\u00e1ez.<\/p>\n\n\n\n<p>&#8211; Urbanizaci\u00f3n Pastor Villa Long y la Avenida Cirilo Agelvis, parroquia San Camilo, municipio P\u00e1ez.<\/p>\n\n\n\n<p>Para mayor informaci\u00f3n sobre las Jornadas Integrales de Atenci\u00f3n al Usuario, puede visitar la cuenta oficial de la red social de Instagram @corpoelecinfo.<\/p>\n\n\n\n<p><strong>Prensa MPPEE-Corpoelec<\/strong><\/p>\n\n\n\n<p><\/p>\n","protected":false},"excerpt":{"rendered":"<p>Estado Apure.- La clase trabajadora de la Corporaci\u00f3n El\u00e9ctrica Nacional (Corpoelec) se desplegar\u00e1 este s\u00e1bado 08 de febrero, a trav\u00e9s<\/p>\n","protected":false},"author":24,"featured_media":93747,"comment_status":"closed","ping_status":"closed","sticky":false,"template":"","format":"standard","meta":{"footnotes":""},"categories":[1,30],"tags":[2722,2691,11,2744,46],"class_list":["post-94426","post","type-post","status-publish","format-standard","has-post-thumbnail","hentry","category-mppee","category-regionales","tag-apure","tag-corpoelec","tag-mppee","tag-sen","tag-venezuela"],"_links":{"self":[{"href":"https:\/\/mppee.gob.ve\/index.php?rest_route=\/wp\/v2\/posts\/94426","targetHints":{"allow":["GET"]}}],"collection":[{"href":"https:\/\/mppee.gob.ve\/index.php?rest_route=\/wp\/v2\/posts"}],"about":[{"href":"https:\/\/mppee.gob.ve\/index.php?rest_route=\/wp\/v2\/types\/post"}],"author":[{"embeddable":true,"href":"https:\/\/mppee.gob.ve\/index.php?rest_route=\/wp\/v2\/users\/24"}],"replies":[{"embeddable":true,"href":"https:\/\/mppee.gob.ve\/index.php?rest_route=%2Fwp%2Fv2%2Fcomments&post=94426"}],"version-history":[{"count":1,"href":"https:\/\/mppee.gob.ve\/index.php?rest_route=\/wp\/v2\/posts\/94426\/revisions"}],"predecessor-version":[{"id":94427,"href":"https:\/\/mppee.gob.ve\/index.php?rest_route=\/wp\/v2\/posts\/94426\/revisions\/94427"}],"wp:featuredmedia":[{"embeddable":true,"href":"https:\/\/mppee.gob.ve\/index.php?rest_route=\/wp\/v2\/media\/93747"}],"wp:attachment":[{"href":"https:\/\/mppee.gob.ve\/index.php?rest_route=%2Fwp%2Fv2%2Fmedia&parent=94426"}],"wp:term":[{"taxonomy":"category","embeddable":true,"href":"https:\/\/mppee.gob.ve\/index.php?rest_route=%2Fwp%2Fv2%2Fcategories&post=94426"},{"taxonomy":"post_tag","embeddable":true,"href":"https:\/\/mppee.gob.ve\/index.php?rest_route=%2Fwp%2Fv2%2Ftags&post=94426"}],"curies":[{"name":"wp","href":"https:\/\/api.w.org\/{rel}","templated":true}]}}