{"id":94450,"date":"2025-02-08T13:49:44","date_gmt":"2025-02-08T13:49:44","guid":{"rendered":"http:\/\/mppee.gob.ve\/?p=94450"},"modified":"2025-02-08T13:49:45","modified_gmt":"2025-02-08T13:49:45","slug":"usuarios-del-estado-trujillo-seran-atendidos-en-jornada-integral","status":"publish","type":"post","link":"https:\/\/mppee.gob.ve\/?p=94450","title":{"rendered":"Usuarios del estado Trujillo ser\u00e1n atendidos en jornada integral"},"content":{"rendered":"\n<p><strong>Estado Trujillo.- <\/strong>La clase trabajadora de la Corporaci\u00f3n El\u00e9ctrica Nacional (Corpoelec), adscritos a la Gerencia de Comercializaci\u00f3n Trujillo, se desplegar\u00e1 este s\u00e1bado 08 de febrero, en distintos municipios del estado Trujillo.<\/p>\n\n\n\n<p>Durante las Jornadas Integrales de Atenci\u00f3n, los usuarios podr\u00e1n realizar el pago de facturas del servicio el\u00e9ctrico, recibir asesor\u00eda personalizada, actualizaci\u00f3n de datos, adem\u00e1s de brindar atenci\u00f3n en tr\u00e1mites relacionados con el servicio de electricidad.<\/p>\n\n\n\n<p>Los agentes comerciales estar\u00e1n en las siguientes direcciones:<\/p>\n\n\n\n<p>&#8211; Sector Puente Villegas y Cerro Gordo del municipio Carache.<\/p>\n\n\n\n<p>&#8211; Casco Central del municipio Valera<\/p>\n\n\n\n<p>&#8211; Centro Comercial La Pir\u00e1mide, municipio Valera.<\/p>\n\n\n\n<p>&#8211; Centro Comercial El Recreo, municipio Valera<\/p>\n\n\n\n<p>&#8211; Casco Central de Monay. Municipio Pamp\u00e1n.<\/p>\n\n\n\n<p>&#8211; Sector Sabaneta. San L\u00e1zaro, municipio Trujillo<\/p>\n\n\n\n<p>Los stands estar\u00e1n disponibles desde las 09:00 de la ma\u00f1ana hasta las 03:00 de la tarde.<\/p>\n\n\n\n<p>Para mayor informaci\u00f3n sobre las Jornadas Integrales de Atenci\u00f3n al Usuario, puede visitar la cuenta oficial de la red social de Instagram @corpoelecinfo.<\/p>\n\n\n\n<p><strong>Prensa MPPEE-Corpoelec<\/strong><\/p>\n\n\n\n<p><\/p>\n","protected":false},"excerpt":{"rendered":"<p>Estado Trujillo.- La clase trabajadora de la Corporaci\u00f3n El\u00e9ctrica Nacional (Corpoelec), adscritos a la Gerencia de Comercializaci\u00f3n Trujillo, se desplegar\u00e1<\/p>\n","protected":false},"author":24,"featured_media":93747,"comment_status":"closed","ping_status":"closed","sticky":false,"template":"","format":"standard","meta":{"footnotes":""},"categories":[1,30],"tags":[2691,11,2744,2702,46],"class_list":["post-94450","post","type-post","status-publish","format-standard","has-post-thumbnail","hentry","category-mppee","category-regionales","tag-corpoelec","tag-mppee","tag-sen","tag-trujillo","tag-venezuela"],"_links":{"self":[{"href":"https:\/\/mppee.gob.ve\/index.php?rest_route=\/wp\/v2\/posts\/94450","targetHints":{"allow":["GET"]}}],"collection":[{"href":"https:\/\/mppee.gob.ve\/index.php?rest_route=\/wp\/v2\/posts"}],"about":[{"href":"https:\/\/mppee.gob.ve\/index.php?rest_route=\/wp\/v2\/types\/post"}],"author":[{"embeddable":true,"href":"https:\/\/mppee.gob.ve\/index.php?rest_route=\/wp\/v2\/users\/24"}],"replies":[{"embeddable":true,"href":"https:\/\/mppee.gob.ve\/index.php?rest_route=%2Fwp%2Fv2%2Fcomments&post=94450"}],"version-history":[{"count":2,"href":"https:\/\/mppee.gob.ve\/index.php?rest_route=\/wp\/v2\/posts\/94450\/revisions"}],"predecessor-version":[{"id":94454,"href":"https:\/\/mppee.gob.ve\/index.php?rest_route=\/wp\/v2\/posts\/94450\/revisions\/94454"}],"wp:featuredmedia":[{"embeddable":true,"href":"https:\/\/mppee.gob.ve\/index.php?rest_route=\/wp\/v2\/media\/93747"}],"wp:attachment":[{"href":"https:\/\/mppee.gob.ve\/index.php?rest_route=%2Fwp%2Fv2%2Fmedia&parent=94450"}],"wp:term":[{"taxonomy":"category","embeddable":true,"href":"https:\/\/mppee.gob.ve\/index.php?rest_route=%2Fwp%2Fv2%2Fcategories&post=94450"},{"taxonomy":"post_tag","embeddable":true,"href":"https:\/\/mppee.gob.ve\/index.php?rest_route=%2Fwp%2Fv2%2Ftags&post=94450"}],"curies":[{"name":"wp","href":"https:\/\/api.w.org\/{rel}","templated":true}]}}